{"id":254838,"date":"2015-03-31T14:10:47","date_gmt":"2015-03-31T14:10:47","guid":{"rendered":"http:\/\/diariodominicano.ddns.net\/?p=254838"},"modified":"2015-03-31T14:10:47","modified_gmt":"2015-03-31T14:10:47","slug":"expertos-abogaron-en-paris-por-entender-el-cambio-climatico-y-actuar","status":"publish","type":"post","link":"https:\/\/diariodominicano.com\/?p=254838","title":{"rendered":"&#13;&#13;Expertos abogaron en Par\u00eds por entender el cambio clim\u00e1tico y actuar"},"content":{"rendered":"<p><body><\/p>\n<p><img decoding=\"async\" src=\"img3\/michel-jarraud.jpg\" \/>  <\/p>\n<p><span class=\"text1noticias\">\t\t<\/span><\/p>\n<p><span class=\"text1noticias\">  <\/span><\/p>\n<\/p>\n<p><span class=\"text1noticias\">Par\u00eds, 31 mar (PL) La necesidad de entender la dimensi\u00f3n del cambio clim\u00e1tico y de actuar frente a ese fen\u00f3meno result\u00f3 hoy punto de coincidencia en el Foro Internacional de Meteorolog\u00eda y Clima, efectuado en la capital francesa.<\/span><\/p>\n<\/p>\n<p><span class=\"text1noticias\">No es un tema del futuro sino de ahora, afirm\u00f3 Michel Jarraud, secretario general de la Organizaci\u00f3n Meteorol\u00f3gica Mundial, al intervenir en un taller desarrollado durante el evento.<\/span><\/p>\n<\/p>\n<p><span class=\"text1noticias\">Jarraud subray\u00f3 el rol de la comunicaci\u00f3n con el fin de proveer informaci\u00f3n acerca del tema y de sensibilizar a las personas.<\/span><\/p>\n<\/p>\n<p><span class=\"text1noticias\">En ese sentido, destac\u00f3 el papel de los presentadores del tiempo, principales participantes del encuentro, quienes con su trabajo pueden influir positivamente en la educaci\u00f3n del p\u00fablico.<\/span><\/p>\n<\/p>\n<p><span class=\"text1noticias\">Durante el intercambio, especialistas afirmaron que la influencia de la acci\u00f3n humana en el cambio clim\u00e1tico, es inequ\u00edvoca.<\/span><\/p>\n<\/p>\n<p><span class=\"text1noticias\">Limitar el cambio clim\u00e1tico requiere reducciones sustanciales y sostenidas de las emisiones de gases de efecto invernadero, lo cual, junto a las medidas de adaptaci\u00f3n, puede disminuir los riesgos de ese fen\u00f3meno, a\u00f1adieron.<\/span><\/p>\n<\/p>\n<p><span class=\"text1noticias\">Otro de los puntos que sobresalieron se refiri\u00f3 a desaf\u00edos como la importancia de garantizar una investigaci\u00f3n cient\u00edfica de calidad y de aportar proyecciones teniendo en cuenta las especificidades de cada regi\u00f3n.<\/span><\/p>\n<\/p>\n<p><span class=\"text1noticias\">Igualmente la necesidad de divulgar informaci\u00f3n que sea comprensible por la mayor\u00eda de los receptores y establecer un di\u00e1logo efectivo entre los actores cient\u00edficos y pol\u00edticos.<\/span><\/p>\n<\/p>\n<p><span class=\"text1noticias\">El Foro, que concluye este martes, ofrece a los profesionales una plataforma de intercambio y de reflexi\u00f3n, al tiempo que favorece una sinergia entre los cient\u00edficos, los medios de comunicaci\u00f3n, el gran p\u00fablico y los centros de ense\u00f1anza, explican sus organizadores.<\/span><\/p>\n<\/p>\n<p><span class=\"text1noticias\">Igualmente contribuye a preparar la Conferencia de las Naciones Unidas sobre el Cambio Clim\u00e1tico (COP 21) que se llevar\u00e1 a cabo a fines de este a\u00f1o en la llamada Ciudad Luz.<\/span><\/p>\n<\/p>\n<p><span class=\"text1noticias\">El presidente Fran\u00e7ois Hollande subray\u00f3 que la COP 21 es una prioridad para este pa\u00eds. En un discurso pronunciado a finales de 2014 confirm\u00f3 la ambici\u00f3n de que la reuni\u00f3n deje \u00abhuella\u00bb y concluya con un \u00abacuerdo hist\u00f3rico\u00bb.<\/span><\/p>\n<\/p>\n<p><span class=\"text1noticias\">El mandatario compar\u00f3 la trascendencia de ese evento para Francia con la cita que esta naci\u00f3n acogi\u00f3 en diciembre de 1948, durante la cual se adopt\u00f3 la Declaraci\u00f3n Universal de los Derechos Humanos de Naciones Unidas.<\/span><\/p>\n<\/p>\n<p><span class=\"text1noticias\">Por ello, el Gobierno buscar\u00e1 que la cita concluya con un gran acuerdo mundial que reduzca las emisiones contaminantes, lo cual ser\u00eda visto adem\u00e1s como un \u00e9xito diplom\u00e1tico, apuntaron expertos.<\/span><\/p>\n<h6> 2015-03-31 14:10:47 <\/h6>\n<p><!--\n<link rel=\"stylesheet\" href=\"css\/bootstrap.min.css\">\n\n\n<ul class=\"pagination\">\n\t    \n\t\n\n<li >\n\t<a href='?page_no=24482'>Previous<\/a>\n\t<\/li>\n\n\n       \n    \n\n<li><a href='?page_no=1'>1<\/a><\/li>\n\n\n\n<li><a href='?page_no=2'>2<\/a><\/li>\n\n\n\n<li><a>...<\/a><\/li>\n\n\n\n<li><a href='?page_no=24481'>24481<\/a><\/li>\n\n\n\n<li><a href='?page_no=24482'>24482<\/a><\/li>\n\n\n\n<li class='active'><a>24483<\/a><\/li>\n\n\n\n<li><a href='?page_no=24484'>24484<\/a><\/li>\n\n\n\n<li><a href='?page_no=24485'>24485<\/a><\/li>\n\n\n\n<li><a>...<\/a><\/li>\n\n\n\n<li><a href='?page_no=51012'>51012<\/a><\/li>\n\n\n\n<li><a href='?page_no=51013'>51013<\/a><\/li>\n\n    \n\t\n\n<li >\n\t<a href='?page_no=24484'>Next<\/a>\n\t<\/li>\n\n\n    \n\n<li><a href='?page_no=51013'>Last &rsaquo;&rsaquo;<\/a><\/li>\n\n<\/ul>\n\n\n--><br \/>\n<\/body><\/p>\n","protected":false},"excerpt":{"rendered":"<p>Par\u00eds, 31 mar (PL) La necesidad de entender la dimensi\u00f3n del cambio clim\u00e1tico y de actuar frente a ese fen\u00f3meno result\u00f3 hoy punto de coincidencia en el Foro Internacional de Meteorolog\u00eda y Clima, efectuado en la capital francesa. No es un tema del futuro sino de ahora, afirm\u00f3 Michel Jarraud, secretario general de la Organizaci\u00f3n [&hellip;]<\/p>\n","protected":false},"author":3,"featured_media":0,"comment_status":"open","ping_status":"open","sticky":false,"template":"","format":"standard","meta":{"footnotes":""},"categories":[23],"tags":[],"class_list":["post-254838","post","type-post","status-publish","format-standard","hentry","category-internacional"],"_links":{"self":[{"href":"https:\/\/diariodominicano.com\/index.php?rest_route=\/wp\/v2\/posts\/254838","targetHints":{"allow":["GET"]}}],"collection":[{"href":"https:\/\/diariodominicano.com\/index.php?rest_route=\/wp\/v2\/posts"}],"about":[{"href":"https:\/\/diariodominicano.com\/index.php?rest_route=\/wp\/v2\/types\/post"}],"author":[{"embeddable":true,"href":"https:\/\/diariodominicano.com\/index.php?rest_route=\/wp\/v2\/users\/3"}],"replies":[{"embeddable":true,"href":"https:\/\/diariodominicano.com\/index.php?rest_route=%2Fwp%2Fv2%2Fcomments&post=254838"}],"version-history":[{"count":0,"href":"https:\/\/diariodominicano.com\/index.php?rest_route=\/wp\/v2\/posts\/254838\/revisions"}],"wp:attachment":[{"href":"https:\/\/diariodominicano.com\/index.php?rest_route=%2Fwp%2Fv2%2Fmedia&parent=254838"}],"wp:term":[{"taxonomy":"category","embeddable":true,"href":"https:\/\/diariodominicano.com\/index.php?rest_route=%2Fwp%2Fv2%2Fcategories&post=254838"},{"taxonomy":"post_tag","embeddable":true,"href":"https:\/\/diariodominicano.com\/index.php?rest_route=%2Fwp%2Fv2%2Ftags&post=254838"}],"curies":[{"name":"wp","href":"https:\/\/api.w.org\/{rel}","templated":true}]}}