{"id":253467,"date":"2015-08-17T13:35:33","date_gmt":"2015-08-17T13:35:33","guid":{"rendered":"http:\/\/diariodominicano.ddns.net\/?p=253467"},"modified":"2015-08-17T13:35:33","modified_gmt":"2015-08-17T13:35:33","slug":"egipto-recrudece-legislacion-antiterrorista","status":"publish","type":"post","link":"https:\/\/diariodominicano.com\/?p=253467","title":{"rendered":"&#13;&#13;Egipto recrudece legislaci\u00f3n antiterrorista"},"content":{"rendered":"<p><body><\/p>\n<\/p>\n<p>El Cairo, 17 ago (PL) Un decreto que recrudece la legislaci\u00f3n antiterrorista fue emitido por el presidente de Egipto, Abdelfatah Al-Sisi, public\u00f3 hoy la agencia oficial de noticias MENA.<\/p>\n<\/p>\n<p>El texto prescribe la pena de muerte para quien funde o lidere una c\u00e9lula terrorista y define el terrorismo como cualquier acto que altere el orden p\u00fablico mediante la fuerza.<\/p>\n<\/p>\n<p>Las nuevas medidas tambi\u00e9n contemplan severas sentencias de c\u00e1rcel por fomentar o instar al terrorismo y atentar contra edificios e infraestructuras del Estado.<\/p>\n<\/p>\n<p>Tambi\u00e9n preveen multas de hasta el equivalente a 64 mil d\u00f3lares por publicar noticias o comunicados falsos sobre atentados y notas informativas que contradigan los informes del Ministerio de Defensa de Egipto.<\/p>\n<\/p>\n<p>De esta manera el mandatario egipcio pretende enfrentar m\u00e1s en\u00e9rgicamente al extremismo fundamentalista, seg\u00fan la publicaci\u00f3n.<\/p>\n<\/p>\n<p>Egipto lleva unos dos a\u00f1os sin parlamento y Al-Sisi ejerce la autoridad legislativa.<\/p>\n<\/p>\n<p>La violencia se intensific\u00f3 el pasado mes en esta naci\u00f3n con la muerte en un atentado con un coche bomba en esta capital del Fiscal General, Hisham Barakat, y el incremento de acciones armadas fundamentalistas contra el Ej\u00e9rcito en el territorio del Sina\u00ed.<\/p>\n<h6> 2015-08-17 13:35:33 <\/h6>\n<p><!--\n<link rel=\"stylesheet\" href=\"css\/bootstrap.min.css\">\n\n\n<ul class=\"pagination\">\n\t    \n\t\n\n<li >\n\t<a href='?page_no=23111'>Previous<\/a>\n\t<\/li>\n\n\n       \n    \n\n<li><a href='?page_no=1'>1<\/a><\/li>\n\n\n\n<li><a href='?page_no=2'>2<\/a><\/li>\n\n\n\n<li><a>...<\/a><\/li>\n\n\n\n<li><a href='?page_no=23110'>23110<\/a><\/li>\n\n\n\n<li><a href='?page_no=23111'>23111<\/a><\/li>\n\n\n\n<li class='active'><a>23112<\/a><\/li>\n\n\n\n<li><a href='?page_no=23113'>23113<\/a><\/li>\n\n\n\n<li><a href='?page_no=23114'>23114<\/a><\/li>\n\n\n\n<li><a>...<\/a><\/li>\n\n\n\n<li><a href='?page_no=51012'>51012<\/a><\/li>\n\n\n\n<li><a href='?page_no=51013'>51013<\/a><\/li>\n\n    \n\t\n\n<li >\n\t<a href='?page_no=23113'>Next<\/a>\n\t<\/li>\n\n\n    \n\n<li><a href='?page_no=51013'>Last &rsaquo;&rsaquo;<\/a><\/li>\n\n<\/ul>\n\n\n--><br \/>\n<\/body><\/p>\n","protected":false},"excerpt":{"rendered":"<p>El Cairo, 17 ago (PL) Un decreto que recrudece la legislaci\u00f3n antiterrorista fue emitido por el presidente de Egipto, Abdelfatah Al-Sisi, public\u00f3 hoy la agencia oficial de noticias MENA. El texto prescribe la pena de muerte para quien funde o lidere una c\u00e9lula terrorista y define el terrorismo como cualquier acto que altere el orden [&hellip;]<\/p>\n","protected":false},"author":3,"featured_media":0,"comment_status":"open","ping_status":"open","sticky":false,"template":"","format":"standard","meta":{"footnotes":""},"categories":[23],"tags":[],"class_list":["post-253467","post","type-post","status-publish","format-standard","hentry","category-internacional"],"_links":{"self":[{"href":"https:\/\/diariodominicano.com\/index.php?rest_route=\/wp\/v2\/posts\/253467","targetHints":{"allow":["GET"]}}],"collection":[{"href":"https:\/\/diariodominicano.com\/index.php?rest_route=\/wp\/v2\/posts"}],"about":[{"href":"https:\/\/diariodominicano.com\/index.php?rest_route=\/wp\/v2\/types\/post"}],"author":[{"embeddable":true,"href":"https:\/\/diariodominicano.com\/index.php?rest_route=\/wp\/v2\/users\/3"}],"replies":[{"embeddable":true,"href":"https:\/\/diariodominicano.com\/index.php?rest_route=%2Fwp%2Fv2%2Fcomments&post=253467"}],"version-history":[{"count":0,"href":"https:\/\/diariodominicano.com\/index.php?rest_route=\/wp\/v2\/posts\/253467\/revisions"}],"wp:attachment":[{"href":"https:\/\/diariodominicano.com\/index.php?rest_route=%2Fwp%2Fv2%2Fmedia&parent=253467"}],"wp:term":[{"taxonomy":"category","embeddable":true,"href":"https:\/\/diariodominicano.com\/index.php?rest_route=%2Fwp%2Fv2%2Fcategories&post=253467"},{"taxonomy":"post_tag","embeddable":true,"href":"https:\/\/diariodominicano.com\/index.php?rest_route=%2Fwp%2Fv2%2Ftags&post=253467"}],"curies":[{"name":"wp","href":"https:\/\/api.w.org\/{rel}","templated":true}]}}