{"id":253464,"date":"2015-08-17T13:50:37","date_gmt":"2015-08-17T13:50:37","guid":{"rendered":"http:\/\/diariodominicano.ddns.net\/?p=253464"},"modified":"2015-08-17T13:50:37","modified_gmt":"2015-08-17T13:50:37","slug":"alerta-evo-morales-sobre-ofensiva-contra-gobiernos-progresistas","status":"publish","type":"post","link":"https:\/\/diariodominicano.com\/?p=253464","title":{"rendered":"&#13;&#13;Alerta Evo Morales sobre ofensiva contra gobiernos progresistas"},"content":{"rendered":"<p><body><\/p>\n<p><img decoding=\"async\" src=\"img3\/evo.jpg\" \/>  <\/p>\n<\/p>\n<p><span class=\"text1noticias\">  <\/span><\/p>\n<p><span class=\"text1noticias\">Buenos Aires, 17 ago (PL) El presidente de Bolivia, Evo Morales, alert\u00f3 que est\u00e1 en marcha hoy una campa\u00f1a contra los gobiernos populares y progresistas en Sudam\u00e9rica, en una entrevista que publica el diario P\u00e1gina 12.<\/span><\/p>\n<\/p>\n<p><span class=\"text1noticias\">En ella expres\u00f3 su preocupaci\u00f3n por la \u00abofensiva contra los gobiernos antiimperialistas\u00bb que se concreta a trav\u00e9s de los ataques de fondos buitre contra Argentina, los movimientos golpistas en Venezuela y las operaciones opositoras contra la presidenta brasile\u00f1a, Dilma Rousseff.<\/span><\/p>\n<\/p>\n<p><span class=\"text1noticias\">Sobre el particular ahonda que ahora no pueden hacer golpes de Estado militares, tampoco conspiraciones desde el imperio norteamericano, \u00abpero siento que hay otras formas de agresi\u00f3n pol\u00edtica, como los chantajes y los condicionamientos a Venezuela\u00bb.<\/span><\/p>\n<\/p>\n<p><span class=\"text1noticias\">En Argentina, por ejemplo, el litigio de los fondos buitre es una agresi\u00f3n econ\u00f3mica, afirm\u00f3 y advirti\u00f3 que \u00abcuando un gobierno antiimperialista es s\u00f3lido, quieren destrozarlo por el lado econ\u00f3mico\u00bb.<\/span><\/p>\n<\/p>\n<p><span class=\"text1noticias\">Ante esa situaci\u00f3n recalc\u00f3 que \u00abel trabajo conjunto de la regi\u00f3n es importante. Y cuando no pueden ni militar ni econ\u00f3micamente, hacen un golpe pol\u00edtico como contra (Fernando) Lugo en Paraguay\u00bb.<\/span><\/p>\n<\/p>\n<p><span class=\"text1noticias\">Morales opin\u00f3 que \u00abla agresi\u00f3n a Dilma es pol\u00edtica, un golpe a trav\u00e9s del Congreso. Y mucho tambi\u00e9n depende de nuestros movimientos sociales, y claro, siento que el imperio quiere quitar el patrimonio pol\u00edtico del Partido de los Trabajadores\u00bb.<\/span><\/p>\n<\/p>\n<p><span class=\"text1noticias\">\u00abYa no es solo contra Dilma, tambi\u00e9n contra Lula. Usan el tema de la corrupci\u00f3n\u00bb, acot\u00f3.<\/span><\/p>\n<\/p>\n<p><span class=\"text1noticias\">A una pregunta sobre si Estados Unidos est\u00e1 detr\u00e1s de esa ofensiva, asever\u00f3: \u00abEs muy claro con Venezuela. Y los fondos buitre \u00bfde d\u00f3nde vienen? Los fondos buitre tienen sus estructuras econ\u00f3micas para chantajearnos en Estados Unidos\u00bb.<\/span><\/p>\n<\/p>\n<p><span class=\"text1noticias\">En sus declaraciones elogi\u00f3 a Luiz Inacio Lula da Silva, N\u00e9stor Kirchner y a Hugo Ch\u00e1vez, por haber dignificado a Am\u00e9rica latina. Compar\u00f3 la Bolivia inestable y la Bolivia de ahora. Morales lleg\u00f3 a la presidencia en enero de 2006 y fue electo por tercera vez en octubre del a\u00f1o pasado. En una d\u00e9cada, la extrema pobreza baj\u00f3 del 38,3 por ciento al 17,8 por ciento.<\/span><\/p>\n<\/p>\n<p><span class=\"text1noticias\">Record\u00f3 tambi\u00e9n que despu\u00e9s de participar en los comicios de 2002 visit\u00f3 Cuba y le pregunt\u00f3 a Fidel Castro qu\u00e9 deb\u00eda hacer para liderar una revoluci\u00f3n en Bolivia.<\/span><\/p>\n<\/p>\n<p><span class=\"text1noticias\">\u00abYo esperaba que me dijera que ten\u00eda que combatir con armas. Pero toda la noche me habl\u00f3 de salud, educaci\u00f3n, responsabilidad del Estado\u00bb, rememor\u00f3.<\/span><\/p>\n<\/p>\n<p><span class=\"text1noticias\">Tambi\u00e9n refiri\u00f3 que cuando era l\u00edder sindical acompa\u00f1\u00f3 a Diego Armando Maradona a Mar del Plata a la Cumbre de las Am\u00e9ricas (2005). \u00abEstuvimos en hermosos actos con Lula, Ch\u00e1vez, Fidel y Kirchner, fueron momentos de mi preparaci\u00f3n como presidente, momentos de aprendizaje y fortaleza\u00bb.<\/span><\/p>\n<\/p>\n<h6> 2015-08-17 13:50:37 <\/h6>\n<p><!--\n<link rel=\"stylesheet\" href=\"css\/bootstrap.min.css\">\n\n\n<ul class=\"pagination\">\n\t    \n\t\n\n<li >\n\t<a href='?page_no=23108'>Previous<\/a>\n\t<\/li>\n\n\n       \n    \n\n<li><a href='?page_no=1'>1<\/a><\/li>\n\n\n\n<li><a href='?page_no=2'>2<\/a><\/li>\n\n\n\n<li><a>...<\/a><\/li>\n\n\n\n<li><a href='?page_no=23107'>23107<\/a><\/li>\n\n\n\n<li><a href='?page_no=23108'>23108<\/a><\/li>\n\n\n\n<li class='active'><a>23109<\/a><\/li>\n\n\n\n<li><a href='?page_no=23110'>23110<\/a><\/li>\n\n\n\n<li><a href='?page_no=23111'>23111<\/a><\/li>\n\n\n\n<li><a>...<\/a><\/li>\n\n\n\n<li><a href='?page_no=51012'>51012<\/a><\/li>\n\n\n\n<li><a href='?page_no=51013'>51013<\/a><\/li>\n\n    \n\t\n\n<li >\n\t<a href='?page_no=23110'>Next<\/a>\n\t<\/li>\n\n\n    \n\n<li><a href='?page_no=51013'>Last &rsaquo;&rsaquo;<\/a><\/li>\n\n<\/ul>\n\n\n--><br \/>\n<\/body><\/p>\n","protected":false},"excerpt":{"rendered":"<p>Buenos Aires, 17 ago (PL) El presidente de Bolivia, Evo Morales, alert\u00f3 que est\u00e1 en marcha hoy una campa\u00f1a contra los gobiernos populares y progresistas en Sudam\u00e9rica, en una entrevista que publica el diario P\u00e1gina 12. En ella expres\u00f3 su preocupaci\u00f3n por la \u00abofensiva contra los gobiernos antiimperialistas\u00bb que se concreta a trav\u00e9s de los [&hellip;]<\/p>\n","protected":false},"author":3,"featured_media":0,"comment_status":"open","ping_status":"open","sticky":false,"template":"","format":"standard","meta":{"footnotes":""},"categories":[23],"tags":[],"class_list":["post-253464","post","type-post","status-publish","format-standard","hentry","category-internacional"],"_links":{"self":[{"href":"https:\/\/diariodominicano.com\/index.php?rest_route=\/wp\/v2\/posts\/253464","targetHints":{"allow":["GET"]}}],"collection":[{"href":"https:\/\/diariodominicano.com\/index.php?rest_route=\/wp\/v2\/posts"}],"about":[{"href":"https:\/\/diariodominicano.com\/index.php?rest_route=\/wp\/v2\/types\/post"}],"author":[{"embeddable":true,"href":"https:\/\/diariodominicano.com\/index.php?rest_route=\/wp\/v2\/users\/3"}],"replies":[{"embeddable":true,"href":"https:\/\/diariodominicano.com\/index.php?rest_route=%2Fwp%2Fv2%2Fcomments&post=253464"}],"version-history":[{"count":0,"href":"https:\/\/diariodominicano.com\/index.php?rest_route=\/wp\/v2\/posts\/253464\/revisions"}],"wp:attachment":[{"href":"https:\/\/diariodominicano.com\/index.php?rest_route=%2Fwp%2Fv2%2Fmedia&parent=253464"}],"wp:term":[{"taxonomy":"category","embeddable":true,"href":"https:\/\/diariodominicano.com\/index.php?rest_route=%2Fwp%2Fv2%2Fcategories&post=253464"},{"taxonomy":"post_tag","embeddable":true,"href":"https:\/\/diariodominicano.com\/index.php?rest_route=%2Fwp%2Fv2%2Ftags&post=253464"}],"curies":[{"name":"wp","href":"https:\/\/api.w.org\/{rel}","templated":true}]}}