{"id":253257,"date":"2015-09-05T09:36:37","date_gmt":"2015-09-05T09:36:37","guid":{"rendered":"http:\/\/diariodominicano.ddns.net\/?p=253257"},"modified":"2015-09-05T09:36:37","modified_gmt":"2015-09-05T09:36:37","slug":"primer-autobus-hungaro-con-refugiados-llega-a-frontera-austriaca","status":"publish","type":"post","link":"https:\/\/diariodominicano.com\/?p=253257","title":{"rendered":"Primer autob\u00fas h\u00fangaro con refugiados llega a frontera austriaca"},"content":{"rendered":"<p><body><\/p>\n<p><span class=\"text1noticias\">BUDAPEST\/VIENA, 5 sep (Xinhua) &#8212; El primer autob\u00fas h\u00fangaro con refugiados a bordo lleg\u00f3 a la frontera austriaca, inform\u00f3 hoy la prensa local.<\/span><\/p>\n<p><span class=\"text1noticias\"> <\/span><\/p>\n<p><span class=\"text1noticias\">Alemania y Austria acordaron permitir la entrada en sus pa\u00edses de refugiados procedentes de Hungr\u00eda.<\/span><\/p>\n<p><span class=\"text1noticias\"> <\/span><\/p>\n<p><span class=\"text1noticias\">Antes de consultar con su hom\u00f3loga alemana, Angela Merkel, el canciller austriaco, Werner Faymann, dijo al primer ministro austriaco, Viktor Orban, v\u00eda tel\u00e9fono la noche del viernes que los dos pa\u00edses de Europa Occidental permitir\u00edan la entrada de refugiados desde Hungr\u00eda, detall\u00f3 este s\u00e1bado la agencia de noticias h\u00fangara MTI.<\/span><\/p>\n<p><span class=\"text1noticias\"> <\/span><\/p>\n<p><span class=\"text1noticias\">Hungr\u00eda, que ha experimentado una severa crisis debido a la masiva llegada de refugiados sirios, anunci\u00f3 el viernes que enviar\u00eda a miles de refugiados en autob\u00fas a la frontera con Austria.<\/span><\/p>\n<p><span class=\"text1noticias\"> <\/span><\/p>\n<p><span class=\"text1noticias\">Varios autobuses de refugiados partieron de la Estaci\u00f3n Ferroviaria del Este (Keleti) de Budapest precisamente en la medianoche con destino a la frontera austriaca.<\/span><\/p>\n<p><span class=\"text1noticias\"> <\/span><\/p>\n<p><span class=\"text1noticias\">Los Cuerpos Operativos Centrales del gobierno h\u00fangaro se ofrecieron para recoger a los refugiados y llevarles en autob\u00fas a la frontera en Hegyeshalom, anunci\u00f3 Janos Lazar, ministro encargado de la oficina del primer ministro, en una rueda de prensa improvisada la noche del viernes.<\/span><\/p>\n<p><span class=\"text1noticias\"> <\/span><\/p>\n<p><span class=\"text1noticias\">Debido a la creciente entrada de refugiados sirios, Hungr\u00eda experimenta una ca\u00f3tica situaci\u00f3n con centenares de refugiados caminando a lo largo de la autopista que conduce a Viena y otros centenares en campamentos en la estaci\u00f3n ferroviaria demandando el permiso para entrar en Alemania.<\/span><\/p>\n<p><span class=\"text1noticias\"> <\/span><\/p>\n<p><span class=\"text1noticias\">El jefe de la polic\u00eda nacional h\u00fangara, Karoly Papp, estim\u00f3 que el n\u00famero de refugiados que camina a lo largo de la autopista asciende a 1.200, mientras otras 300 personas caminaban por la principal l\u00ednea ferroviaria que conecta con Viena, lo que supone la suspensi\u00f3n de operaciones de todos los <\/span>trenes.<\/p>\n<h6> 2015-09-05 09:36:37 <\/h6>\n<p><!--\n<link rel=\"stylesheet\" href=\"css\/bootstrap.min.css\">\n\n\n<ul class=\"pagination\">\n\t    \n\t\n\n<li >\n\t<a href='?page_no=22901'>Previous<\/a>\n\t<\/li>\n\n\n       \n    \n\n<li><a href='?page_no=1'>1<\/a><\/li>\n\n\n\n<li><a href='?page_no=2'>2<\/a><\/li>\n\n\n\n<li><a>...<\/a><\/li>\n\n\n\n<li><a href='?page_no=22900'>22900<\/a><\/li>\n\n\n\n<li><a href='?page_no=22901'>22901<\/a><\/li>\n\n\n\n<li class='active'><a>22902<\/a><\/li>\n\n\n\n<li><a href='?page_no=22903'>22903<\/a><\/li>\n\n\n\n<li><a href='?page_no=22904'>22904<\/a><\/li>\n\n\n\n<li><a>...<\/a><\/li>\n\n\n\n<li><a href='?page_no=51012'>51012<\/a><\/li>\n\n\n\n<li><a href='?page_no=51013'>51013<\/a><\/li>\n\n    \n\t\n\n<li >\n\t<a href='?page_no=22903'>Next<\/a>\n\t<\/li>\n\n\n    \n\n<li><a href='?page_no=51013'>Last &rsaquo;&rsaquo;<\/a><\/li>\n\n<\/ul>\n\n\n--><br \/>\n<\/body><\/p>\n","protected":false},"excerpt":{"rendered":"<p>BUDAPEST\/VIENA, 5 sep (Xinhua) &#8212; El primer autob\u00fas h\u00fangaro con refugiados a bordo lleg\u00f3 a la frontera austriaca, inform\u00f3 hoy la prensa local. Alemania y Austria acordaron permitir la entrada en sus pa\u00edses de refugiados procedentes de Hungr\u00eda. Antes de consultar con su hom\u00f3loga alemana, Angela Merkel, el canciller austriaco, Werner Faymann, dijo al primer [&hellip;]<\/p>\n","protected":false},"author":3,"featured_media":0,"comment_status":"open","ping_status":"open","sticky":false,"template":"","format":"standard","meta":{"footnotes":""},"categories":[23],"tags":[],"class_list":["post-253257","post","type-post","status-publish","format-standard","hentry","category-internacional"],"_links":{"self":[{"href":"https:\/\/diariodominicano.com\/index.php?rest_route=\/wp\/v2\/posts\/253257","targetHints":{"allow":["GET"]}}],"collection":[{"href":"https:\/\/diariodominicano.com\/index.php?rest_route=\/wp\/v2\/posts"}],"about":[{"href":"https:\/\/diariodominicano.com\/index.php?rest_route=\/wp\/v2\/types\/post"}],"author":[{"embeddable":true,"href":"https:\/\/diariodominicano.com\/index.php?rest_route=\/wp\/v2\/users\/3"}],"replies":[{"embeddable":true,"href":"https:\/\/diariodominicano.com\/index.php?rest_route=%2Fwp%2Fv2%2Fcomments&post=253257"}],"version-history":[{"count":0,"href":"https:\/\/diariodominicano.com\/index.php?rest_route=\/wp\/v2\/posts\/253257\/revisions"}],"wp:attachment":[{"href":"https:\/\/diariodominicano.com\/index.php?rest_route=%2Fwp%2Fv2%2Fmedia&parent=253257"}],"wp:term":[{"taxonomy":"category","embeddable":true,"href":"https:\/\/diariodominicano.com\/index.php?rest_route=%2Fwp%2Fv2%2Fcategories&post=253257"},{"taxonomy":"post_tag","embeddable":true,"href":"https:\/\/diariodominicano.com\/index.php?rest_route=%2Fwp%2Fv2%2Ftags&post=253257"}],"curies":[{"name":"wp","href":"https:\/\/api.w.org\/{rel}","templated":true}]}}