{"id":253252,"date":"2015-09-05T20:53:41","date_gmt":"2015-09-05T20:53:41","guid":{"rendered":"http:\/\/diariodominicano.ddns.net\/?p=253252"},"modified":"2015-09-05T20:53:41","modified_gmt":"2015-09-05T20:53:41","slug":"partido-comunista-de-chile-ratifica-apoyo-a-presidenta-bachelet","status":"publish","type":"post","link":"https:\/\/diariodominicano.com\/?p=253252","title":{"rendered":"Partido Comunista de Chile ratifica apoyo a presidenta Bachelet"},"content":{"rendered":"<p><body><\/p>\n<p><img decoding=\"async\" src=\"img3\/Guillermo-Teillie.jpg\" \/>  <\/p>\n<p><span class=\"text1noticias\"> <\/span><\/p>\n<p><span class=\"text1noticias\">Tras la realizaci\u00f3n de un pleno del Comit\u00e9 Central del PCCh en la sede del Congreso Nacional en Santiago, el presidente del partido, Guillermo Teillier, coment\u00f3 que la baja aprobaci\u00f3n del gobierno en las encuestas se va a \u00abrevertir\u00bb.<\/span><\/p>\n<p><span class=\"text1noticias\"> <\/span><\/p>\n<p><span class=\"text1noticias\">\u00abHemos analizado los factores de la \u00faltima encuesta Adimark, sabemos que este proceso todav\u00eda puede continuar un poco m\u00e1s, pero estamos seguros de que esto se va a revertir\u00bb, precis\u00f3 el dirigente.<\/span><\/p>\n<p><span class=\"text1noticias\"> <\/span><\/p>\n<p><span class=\"text1noticias\">Teillier se\u00f1al\u00f3 que el PCCh no depende de las encuestas y lo que pueda suceder en el proceso electoral, al se\u00f1alar que en el partido est\u00e1n convencidos, \u00abporque sabemos que lo que estamos haciendo se est\u00e1 haciendo bien y va a tener un efecto muy beneficioso para la ciudadan\u00eda\u00bb.<\/span><\/p>\n<p><span class=\"text1noticias\"> <\/span><\/p>\n<p><span class=\"text1noticias\">En el pleno, se ratific\u00f3 la continuidad del partido como integrante de la Nueva Mayor\u00eda, integrada, adem\u00e1s, por los partidos Socialista, Radical, Por la Democracia, Democratacristiano, Movimiento Amplio Social, Izquierda Cristiana.  <\/span><\/p>\n<p><span class=\"text1noticias\"> <\/span><\/p>\n<p><span class=\"text1noticias\">Tambi\u00e9n se abordaron temas relacionados con la realizaci\u00f3n del XXV Congreso Nacional del partido, previsto para 2016, el cual fijar\u00e1 su l\u00ednea pol\u00edtica para los pr\u00f3ximos cuatro a\u00f1os.<\/span><\/p>\n<p><span class=\"text1noticias\"> <\/span><\/p>\n<p><span class=\"text1noticias\">A 103 a\u00f1os de su creaci\u00f3n, el PCCh es el partido m\u00e1s antiguo de Chile y ha formado tres veces parte del gobierno, las \u00faltimas dos cuando apoy\u00f3 al presidente Salvador Allende, derrocado por un golpe militar en 1973, y durante el actual gobierno, donde cuenta con dos mini<\/span>stros.<\/p>\n<h6> 2015-09-05 20:53:41 <\/h6>\n<p><!--\n<link rel=\"stylesheet\" href=\"css\/bootstrap.min.css\">\n\n\n<ul class=\"pagination\">\n\t    \n\t\n\n<li >\n\t<a href='?page_no=22896'>Previous<\/a>\n\t<\/li>\n\n\n       \n    \n\n<li><a href='?page_no=1'>1<\/a><\/li>\n\n\n\n<li><a href='?page_no=2'>2<\/a><\/li>\n\n\n\n<li><a>...<\/a><\/li>\n\n\n\n<li><a href='?page_no=22895'>22895<\/a><\/li>\n\n\n\n<li><a href='?page_no=22896'>22896<\/a><\/li>\n\n\n\n<li class='active'><a>22897<\/a><\/li>\n\n\n\n<li><a href='?page_no=22898'>22898<\/a><\/li>\n\n\n\n<li><a href='?page_no=22899'>22899<\/a><\/li>\n\n\n\n<li><a>...<\/a><\/li>\n\n\n\n<li><a href='?page_no=51012'>51012<\/a><\/li>\n\n\n\n<li><a href='?page_no=51013'>51013<\/a><\/li>\n\n    \n\t\n\n<li >\n\t<a href='?page_no=22898'>Next<\/a>\n\t<\/li>\n\n\n    \n\n<li><a href='?page_no=51013'>Last &rsaquo;&rsaquo;<\/a><\/li>\n\n<\/ul>\n\n\n--><br \/>\n<\/body><\/p>\n","protected":false},"excerpt":{"rendered":"<p>Tras la realizaci\u00f3n de un pleno del Comit\u00e9 Central del PCCh en la sede del Congreso Nacional en Santiago, el presidente del partido, Guillermo Teillier, coment\u00f3 que la baja aprobaci\u00f3n del gobierno en las encuestas se va a \u00abrevertir\u00bb. \u00abHemos analizado los factores de la \u00faltima encuesta Adimark, sabemos que este proceso todav\u00eda puede continuar [&hellip;]<\/p>\n","protected":false},"author":3,"featured_media":0,"comment_status":"open","ping_status":"open","sticky":false,"template":"","format":"standard","meta":{"footnotes":""},"categories":[23],"tags":[],"class_list":["post-253252","post","type-post","status-publish","format-standard","hentry","category-internacional"],"_links":{"self":[{"href":"https:\/\/diariodominicano.com\/index.php?rest_route=\/wp\/v2\/posts\/253252","targetHints":{"allow":["GET"]}}],"collection":[{"href":"https:\/\/diariodominicano.com\/index.php?rest_route=\/wp\/v2\/posts"}],"about":[{"href":"https:\/\/diariodominicano.com\/index.php?rest_route=\/wp\/v2\/types\/post"}],"author":[{"embeddable":true,"href":"https:\/\/diariodominicano.com\/index.php?rest_route=\/wp\/v2\/users\/3"}],"replies":[{"embeddable":true,"href":"https:\/\/diariodominicano.com\/index.php?rest_route=%2Fwp%2Fv2%2Fcomments&post=253252"}],"version-history":[{"count":0,"href":"https:\/\/diariodominicano.com\/index.php?rest_route=\/wp\/v2\/posts\/253252\/revisions"}],"wp:attachment":[{"href":"https:\/\/diariodominicano.com\/index.php?rest_route=%2Fwp%2Fv2%2Fmedia&parent=253252"}],"wp:term":[{"taxonomy":"category","embeddable":true,"href":"https:\/\/diariodominicano.com\/index.php?rest_route=%2Fwp%2Fv2%2Fcategories&post=253252"},{"taxonomy":"post_tag","embeddable":true,"href":"https:\/\/diariodominicano.com\/index.php?rest_route=%2Fwp%2Fv2%2Ftags&post=253252"}],"curies":[{"name":"wp","href":"https:\/\/api.w.org\/{rel}","templated":true}]}}