{"id":253251,"date":"2015-09-05T21:06:01","date_gmt":"2015-09-05T21:06:01","guid":{"rendered":"http:\/\/diariodominicano.ddns.net\/?p=253251"},"modified":"2015-09-05T21:06:01","modified_gmt":"2015-09-05T21:06:01","slug":"nicolas-maduro-llama-a-defender-petrocaribe","status":"publish","type":"post","link":"https:\/\/diariodominicano.com\/?p=253251","title":{"rendered":"Nicol\u00e1s Maduro llama a defender Petrocaribe"},"content":{"rendered":"<p><body><\/p>\n<p><img decoding=\"async\" src=\"img3\/maduro001.jpg.jpg\" \/><br \/><img decoding=\"async\" src=\"img3\/img_20481441495742.jpg\" \/>  <\/p>\n<p><span class=\"text1noticias\">CARACAS, 5 sep (Xinhua) &#8212; El presidente venezolano Nicol\u00e1s Maduro exhort\u00f3 hoy s\u00e1bado a los gobiernos y pueblos del continente a defender el Acuerdo Energ\u00e9tico Petrocaribe, base de la construcci\u00f3n de un nuevo destino para Am\u00e9rica Latina y el Caribe.<\/span><\/p>\n<p><span class=\"text1noticias\"> <\/span><\/p>\n<p><span class=\"text1noticias\">A su llegada a Montego Bay, Jamaica, para participar en la X Cumbre de Jefes de Estado de ese organismo regional, el mandatario record\u00f3 el papel del fallecido comandante Hugo Ch\u00e1vez y del l\u00edder cubano, Fidel Castro, gestores del proyecto integracionista (Petrocaribe) que ha brindado mayor bienestar a los ciudadanos de las 18 naciones miembro.<\/span><\/p>\n<p><span class=\"text1noticias\"> <\/span><\/p>\n<p><span class=\"text1noticias\"> \u00abAhora nos toca a nosotros mantener esto por 10, 20, 50 (a\u00f1os), un siglo, dos siglos y que Petrocaribe sea recordada en el tiempo como la base de la construcci\u00f3n de la nueva independencia, de la nueva uni\u00f3n, de la nueva felicidad de Am\u00e9rica Latina y el Caribe\u00bb, declar\u00f3 Maduro a la estatal Venezolana de Televisi\u00f3n.<\/span><\/p>\n<p><span class=\"text1noticias\"> <\/span><\/p>\n<p><span class=\"text1noticias\">El mandatario venezolano se\u00f1al\u00f3 tambi\u00e9n que este 6 de diciembre se conmemora el bicentenario de la Carta de Jamaica, documento hist\u00f3rico escrito por el pr\u00f3cer independentista venezolano Sim\u00f3n Bol\u00edvar, donde expuso su proyecto integracionista latinoamericano.<\/span><\/p>\n<p><span class=\"text1noticias\"> <\/span><\/p>\n<p><span class=\"text1noticias\"> \u00abEstamos ahora aqu\u00ed en el centro de la construcci\u00f3n de nuestro mundo, no por casualidad hace 200 a\u00f1os bajo este sol estuvo el Libertador Sim\u00f3n Bol\u00edvar lanzando su proclama prof\u00e9tica que luego cumpli\u00f3 en Ayacucho y m\u00e1s all\u00e1. Ahora nos toca a nosotros traer esa carta y hacerla realidad\u00bb, dijo Maduro, quien participar\u00e1 en los actos conmemorativos de esa fecha.<\/span><\/p>\n<p><span class=\"text1noticias\"> <\/span><\/p>\n<p><span class=\"text1noticias\">El jefe de Estado hizo una s\u00edntesis de su reciente gira por Vietnam y China, donde sostuvo importantes encuentros con autoridades de esas naciones y l\u00edderes mundiales, como es el caso del presidente chino Xi Jinping y del presidente ruso Vlad\u00edmir Putin.<\/span><\/p>\n<p><span class=\"text1noticias\"> <\/span><\/p>\n<p><span class=\"text1noticias\">\u00abY de all\u00ed donde se est\u00e1 gestando el nuevo mundo multic\u00e9ntrico y pluripolar, nos trasladamos a Qatar, con una importante propuesta que vamos a trabajar, no exenta de dificultades pero tenemos que conseguir ese camino, el camino de nuevas alianzas para constituir un nuevo mercado petrolero estable, con un precio base justo, permanente, sin los vaivenes de la guerra de precios\u00bb, reiter\u00f3.<\/span><\/p>\n<p><span class=\"text1noticias\"> <\/span><\/p>\n<p><span class=\"text1noticias\">Maduro present\u00f3 esa propuesta al emir de Catar, Tamim bin Hamad al Zani, presidente pro t\u00e9mpore de la Organizaci\u00f3n de Pa\u00edses Exportadores de Petr\u00f3leo (OPEP), en una reuni\u00f3n privada celebrada la v\u00edspera en Doha.<\/span><\/p>\n<p><span class=\"text1noticias\"> <\/span><\/p>\n<p><span class=\"text1noticias\">Este s\u00e1bado est\u00e1 pautada la celebraci\u00f3n de la X Cumbre de Jefes de Estado de Petrocaribe con la presencia de 10 mandatarios del \u00e1rea, quienes evaluar\u00e1n los logros del acuerdo energ\u00e9tico y trazar\u00e1n nuevas estrategias para continuar fortaleciendo dicho instrumento de integraci\u00f3n r<\/span>egional.<\/p>\n<h6> 2015-09-05 21:06:01 <\/h6>\n<p><!--\n<link rel=\"stylesheet\" href=\"css\/bootstrap.min.css\">\n\n\n<ul class=\"pagination\">\n\t    \n\t\n\n<li >\n\t<a href='?page_no=22895'>Previous<\/a>\n\t<\/li>\n\n\n       \n    \n\n<li><a href='?page_no=1'>1<\/a><\/li>\n\n\n\n<li><a href='?page_no=2'>2<\/a><\/li>\n\n\n\n<li><a>...<\/a><\/li>\n\n\n\n<li><a href='?page_no=22894'>22894<\/a><\/li>\n\n\n\n<li><a href='?page_no=22895'>22895<\/a><\/li>\n\n\n\n<li class='active'><a>22896<\/a><\/li>\n\n\n\n<li><a href='?page_no=22897'>22897<\/a><\/li>\n\n\n\n<li><a href='?page_no=22898'>22898<\/a><\/li>\n\n\n\n<li><a>...<\/a><\/li>\n\n\n\n<li><a href='?page_no=51012'>51012<\/a><\/li>\n\n\n\n<li><a href='?page_no=51013'>51013<\/a><\/li>\n\n    \n\t\n\n<li >\n\t<a href='?page_no=22897'>Next<\/a>\n\t<\/li>\n\n\n    \n\n<li><a href='?page_no=51013'>Last &rsaquo;&rsaquo;<\/a><\/li>\n\n<\/ul>\n\n\n--><br \/>\n<\/body><\/p>\n","protected":false},"excerpt":{"rendered":"<p>CARACAS, 5 sep (Xinhua) &#8212; El presidente venezolano Nicol\u00e1s Maduro exhort\u00f3 hoy s\u00e1bado a los gobiernos y pueblos del continente a defender el Acuerdo Energ\u00e9tico Petrocaribe, base de la construcci\u00f3n de un nuevo destino para Am\u00e9rica Latina y el Caribe. A su llegada a Montego Bay, Jamaica, para participar en la X Cumbre de Jefes [&hellip;]<\/p>\n","protected":false},"author":3,"featured_media":0,"comment_status":"open","ping_status":"open","sticky":false,"template":"","format":"standard","meta":{"footnotes":""},"categories":[23],"tags":[],"class_list":["post-253251","post","type-post","status-publish","format-standard","hentry","category-internacional"],"_links":{"self":[{"href":"https:\/\/diariodominicano.com\/index.php?rest_route=\/wp\/v2\/posts\/253251","targetHints":{"allow":["GET"]}}],"collection":[{"href":"https:\/\/diariodominicano.com\/index.php?rest_route=\/wp\/v2\/posts"}],"about":[{"href":"https:\/\/diariodominicano.com\/index.php?rest_route=\/wp\/v2\/types\/post"}],"author":[{"embeddable":true,"href":"https:\/\/diariodominicano.com\/index.php?rest_route=\/wp\/v2\/users\/3"}],"replies":[{"embeddable":true,"href":"https:\/\/diariodominicano.com\/index.php?rest_route=%2Fwp%2Fv2%2Fcomments&post=253251"}],"version-history":[{"count":0,"href":"https:\/\/diariodominicano.com\/index.php?rest_route=\/wp\/v2\/posts\/253251\/revisions"}],"wp:attachment":[{"href":"https:\/\/diariodominicano.com\/index.php?rest_route=%2Fwp%2Fv2%2Fmedia&parent=253251"}],"wp:term":[{"taxonomy":"category","embeddable":true,"href":"https:\/\/diariodominicano.com\/index.php?rest_route=%2Fwp%2Fv2%2Fcategories&post=253251"},{"taxonomy":"post_tag","embeddable":true,"href":"https:\/\/diariodominicano.com\/index.php?rest_route=%2Fwp%2Fv2%2Ftags&post=253251"}],"curies":[{"name":"wp","href":"https:\/\/api.w.org\/{rel}","templated":true}]}}