{"id":253249,"date":"2015-09-05T23:10:45","date_gmt":"2015-09-05T23:10:45","guid":{"rendered":"http:\/\/diariodominicano.ddns.net\/?p=253249"},"modified":"2015-09-05T23:10:45","modified_gmt":"2015-09-05T23:10:45","slug":"pensamiento-de-la-carta-de-jamaica-forja-la-unidad-latinoamericana-y-caribena","status":"publish","type":"post","link":"https:\/\/diariodominicano.com\/?p=253249","title":{"rendered":"Pensamiento de la Carta de Jamaica forja la unidad latinoamericana y caribe\u00f1a"},"content":{"rendered":"<p><body><\/p>\n<p><img decoding=\"async\" src=\"img3\/b8c0tocigaedw7x1422484407.jpg\" \/>  <\/p>\n<p><span class=\"text1noticias\">por Danybeth Alvarado<\/span><\/p>\n<\/p>\n<p><span class=\"text1noticias\">Caracas, 05 Sep. AVN.- Este a\u00f1o se cumple el bicentenario de la Carta de Jamaica, documento escrito por el Libertador Sim\u00f3n Bol\u00edvar el 6 de septiembre de 1815, en el que expresa el pensamiento que en la actualidad ha contribuido a forjar la integraci\u00f3n latinoamericana y caribe\u00f1a a trav\u00e9s de instancias unitarias basadas en el ideario bolivariano.<\/span><\/p>\n<\/p>\n<p><span class=\"text1noticias\">El documento escrito en Kingston, Jamaica, fue la respuesta a una consulta que hiciera un comerciante ingl\u00e9s llamado Henry Cullen, en medio de un momento de reflexi\u00f3n de Bol\u00edvar, afectado por su mala situaci\u00f3n econ\u00f3mica y la p\u00e9rdida de la segunda Rep\u00fablica por la falta de unidad de los patriotas.<\/span><\/p>\n<\/p>\n<p><span class=\"text1noticias\">Es en esta carta, calificada por muchos como prof\u00e9tica, Bol\u00edvar esboza el proyecto de la unidad latinoamericana y caribe\u00f1a, camino que hoy allana la Uni\u00f3n de Naciones Suramericanas (Unasur), Mercado Com\u00fan del Sur (Mercosur), Alianza Bolivariana para los Pueblos de Nuestra Am\u00e9rica (Alba) as\u00ed como la Comunidad de Estados Latinoamericanos y Caribe\u00f1os (Celac), explica el intelectual venezolano, Luis Britto Garc\u00eda.<\/span><\/p>\n<\/p>\n<p><span class=\"text1noticias\">\u00abBol\u00edvar predica la unidad y en una de las frases de la Carta de Jamaica \u00e9l dice: &#8216;si usted me pregunta a m\u00ed qu\u00e9 es lo que nos hace falta, yo dir\u00eda uni\u00f3n, uni\u00f3n y m\u00e1s uni\u00f3n&#8217;. Eso sintetiza el pensamiento del Libertador sobre el tema\u00bb, precisa en entrevista con la Agencia Venezolana de Noticias.<\/span><\/p>\n<\/p>\n<p><span class=\"text1noticias\">El historiador venezolano dijo que el primer intento de Bol\u00edvar para la unidad de los pueblos de Am\u00e9rica, tras conocerse su carta, fue el Congreso de Panam\u00e1 en 1826, idea que finalmente no se materializa por la oposici\u00f3n de Estados Unidos y record\u00f3 que a finales del siglo XIX (1898-1899) se conforma la llamada uni\u00f3n paramericana, proyecto imperial contrario a los ideales de Bol\u00edvar.<\/span><\/p>\n<\/p>\n<p><span class=\"text1noticias\">Ante el concepto imperial surgen proyectos de unidad sin la presencia de Estados Unidos y Canad\u00e1. \u00abEstos proyectos son Unasur, Celac, Alba, Mercosur. La Am\u00e9rica Latina es enteramente diferente a la de 1899, todo eso ha contribuido a forjar y a integrar institucionalmente la unidad latinoamericana y caribe\u00f1a\u00bb, explic\u00f3.<\/span><\/p>\n<\/p>\n<p><span class=\"text1noticias\">Durante los \u00faltimos 200 a\u00f1os varios l\u00edderes latinoamericanos hicieron grandes esfuerzos para concretar la unidad expresada por Bol\u00edvar en la Carta de Jamaica, sin embargo, fue hasta la llegada del l\u00edder de la Revoluci\u00f3n Bolivariana, Hugo Ch\u00e1vez cuando se impuls\u00f3 nuevamente la idea de la unidad y concretaron proyectos de car\u00e1cter multinacional.<\/span><\/p>\n<\/p>\n<p><span class=\"text1noticias\">Para Britto Garc\u00eda, el comandante Ch\u00e1vez es uno de los bolivarianos m\u00e1s aut\u00e9nticos de Am\u00e9rica Latina, el Caribe y el mundo, no s\u00f3lo porque estudi\u00f3 el pensamiento del Libertador sino porque dedic\u00f3 su vida a ponerlo en pr\u00e1ctica. \u00abCh\u00e1vez es el animador fundamental de esas grandes unidades de integraci\u00f3n latinoamericana que surgieron despu\u00e9s que \u00e9l llega al poder\u00bb, recalc\u00f3 y al tiempo coment\u00f3 que el l\u00edder socialista logr\u00f3 unir a los pueblos de Am\u00e9rica Latina con alianzas estrat\u00e9gicas independientes de Estados Unidos y Canad\u00e1.<\/span><\/p>\n<\/p>\n<p><span class=\"text1noticias\">Independencia latinoamericana<\/span><\/p>\n<\/p>\n<p><span class=\"text1noticias\">Por su parte, el historiador venezolano Luis Felipe Pellicer, coment\u00f3 a AVN que Bol\u00edvar al momento de escribir la Carta de Jamaica no solo pens\u00f3 la unidad como un ideal, sino una necesidad para conseguir y mantener la independencia latinoamericana y caribe\u00f1a.<\/span><\/p>\n<\/p>\n<p><span class=\"text1noticias\">\u00abYo creo que eso tiene totalmente vigencia en nuestros d\u00edas, porque frente a otros imperios la posibilidad de la verdadera independencia, libertad y soberan\u00eda, est\u00e1 en que los pa\u00edses latinoamericanos nos unamos para formar un bloque que pueda enfrentarse a los lotes imperiales de poder, principalmente Estados Unidos\u00bb, expres\u00f3 el coordinador de Historias Locales y Acci\u00f3n Sociocomunitaria del Centro Nacional de Historia.<\/span><\/p>\n<\/p>\n<p><span class=\"text1noticias\">Al respecto, Luis Britto Garc\u00eda resalta que el Libertador consider\u00f3 que la ausencia de pensamiento cr\u00edtico en los latinoamericanos fue la causante de que se prolongara la lucha por la independencia, el desprecio por los pa\u00edses europeos y los tropiezos de las rep\u00fablicas nacientes.<\/span><\/p>\n<\/p>\n<p><span class=\"text1noticias\">\u00abNos independizamos pol\u00edticamente pero no culturalmente\u00bb, explic\u00f3 Britto, quien resalt\u00f3 que esta situaci\u00f3n cambi\u00f3 y hoy existe una Latinoam\u00e9rica consciente, con formaci\u00f3n pol\u00edtica, econ\u00f3mica, social y cultural.<\/span><\/p>\n<\/p>\n<p><span class=\"text1noticias\">Como ejemplo mencion\u00f3 a Venezuela, pa\u00eds que ha vencido en gran medida el analfabetismo. \u00abSe ha hecho un \u00e9nfasis tan poderoso en llevar la educaci\u00f3n, la formaci\u00f3n acad\u00e9mica a los grandes sectores de la poblaci\u00f3n que, eso en alguna forma, tiende a dejar para siempre atr\u00e1s el estatuto de la minor\u00eda\u00bb, dijo refiri\u00e9ndose a las clases dominantes.<\/span><\/p>\n<\/p>\n<p><span class=\"text1noticias\">Una visi\u00f3n integradora<\/span><\/p>\n<\/p>\n<p><span class=\"text1noticias\">En la Carta de Jamaica, Sim\u00f3n Bol\u00edvar se anticipa a la situaci\u00f3n futura de las naciones latinoamericanas, que en su mayor\u00eda son acertadas, coment\u00f3 el historiador Luis Britto Garc\u00eda.<\/span><\/p>\n<\/p>\n<p><span class=\"text1noticias\">El Libertador, en su escrito, se\u00f1ala que en algunos casos los Estados de mayor talla se podr\u00edan inclinar hacia gobiernos autoritarios \u00aby efectivamente as\u00ed sucedi\u00f3 en Am\u00e9rica Latina\u00bb. Mientras que otros pa\u00edses podr\u00edan acariciar la idea de una monarqu\u00eda.<\/span><\/p>\n<\/p>\n<p><span class=\"text1noticias\">Bol\u00edvar imaginaba una Am\u00e9rica que fuera la m\u00e1s grande naci\u00f3n del mundo, \u00abmenos por su extensi\u00f3n y riquezas que por su libertad y gloria\u00bb. Esa naci\u00f3n la ve\u00eda controlando el paso entre dos oc\u00e9anos a trav\u00e9s de sus canales. \u00abYa \u00e9l en Jamaica ten\u00eda esbozada la idea del canal de Panam\u00e1\u00bb.<\/span><\/p>\n<\/p>\n<p><span class=\"text1noticias\">\u00abBol\u00edvar ten\u00eda esa gran visi\u00f3n. \u00c9l dec\u00eda si este gran bloque geopol\u00edtico controlara el paso estrat\u00e9gico entre los dos oc\u00e9anos, eso podr\u00eda ser una gran potencia mundial de primera magnitud\u00bb, resalt\u00f3 Britto Garc\u00eda, sobre la idea de varios canales transoce\u00e1nicos, que actualmente se concreta con la construcci\u00f3n en Nicaragua de un gran canal.<\/span><\/p>\n<\/p>\n<p><span class=\"text1noticias\">Todos los progresos y procesos de independencia que han tenido los pa\u00edses de Am\u00e9rica Latina y el Caribe fueron ideas en el pensamiento de un exiliado, que sin dinero, golpeado por las derrotas y por la falta de uni\u00f3n de sus compatriotas, escribi\u00f3 una carta en 1815, que a 200 a\u00f1os de su existencia, sus l\u00edneas est\u00e1n m\u00e1s vigentes que nunca.<\/span><\/p>\n<\/p>\n<h6> 2015-09-05 23:10:45 <\/h6>\n<p><!--\n<link rel=\"stylesheet\" href=\"css\/bootstrap.min.css\">\n\n\n<ul class=\"pagination\">\n\t    \n\t\n\n<li >\n\t<a href='?page_no=22893'>Previous<\/a>\n\t<\/li>\n\n\n       \n    \n\n<li><a href='?page_no=1'>1<\/a><\/li>\n\n\n\n<li><a href='?page_no=2'>2<\/a><\/li>\n\n\n\n<li><a>...<\/a><\/li>\n\n\n\n<li><a href='?page_no=22892'>22892<\/a><\/li>\n\n\n\n<li><a href='?page_no=22893'>22893<\/a><\/li>\n\n\n\n<li class='active'><a>22894<\/a><\/li>\n\n\n\n<li><a href='?page_no=22895'>22895<\/a><\/li>\n\n\n\n<li><a href='?page_no=22896'>22896<\/a><\/li>\n\n\n\n<li><a>...<\/a><\/li>\n\n\n\n<li><a href='?page_no=51012'>51012<\/a><\/li>\n\n\n\n<li><a href='?page_no=51013'>51013<\/a><\/li>\n\n    \n\t\n\n<li >\n\t<a href='?page_no=22895'>Next<\/a>\n\t<\/li>\n\n\n    \n\n<li><a href='?page_no=51013'>Last &rsaquo;&rsaquo;<\/a><\/li>\n\n<\/ul>\n\n\n--><br \/>\n<\/body><\/p>\n","protected":false},"excerpt":{"rendered":"<p>por Danybeth Alvarado Caracas, 05 Sep. AVN.- Este a\u00f1o se cumple el bicentenario de la Carta de Jamaica, documento escrito por el Libertador Sim\u00f3n Bol\u00edvar el 6 de septiembre de 1815, en el que expresa el pensamiento que en la actualidad ha contribuido a forjar la integraci\u00f3n latinoamericana y caribe\u00f1a a trav\u00e9s de instancias unitarias [&hellip;]<\/p>\n","protected":false},"author":3,"featured_media":0,"comment_status":"open","ping_status":"open","sticky":false,"template":"","format":"standard","meta":{"footnotes":""},"categories":[23],"tags":[],"class_list":["post-253249","post","type-post","status-publish","format-standard","hentry","category-internacional"],"_links":{"self":[{"href":"https:\/\/diariodominicano.com\/index.php?rest_route=\/wp\/v2\/posts\/253249","targetHints":{"allow":["GET"]}}],"collection":[{"href":"https:\/\/diariodominicano.com\/index.php?rest_route=\/wp\/v2\/posts"}],"about":[{"href":"https:\/\/diariodominicano.com\/index.php?rest_route=\/wp\/v2\/types\/post"}],"author":[{"embeddable":true,"href":"https:\/\/diariodominicano.com\/index.php?rest_route=\/wp\/v2\/users\/3"}],"replies":[{"embeddable":true,"href":"https:\/\/diariodominicano.com\/index.php?rest_route=%2Fwp%2Fv2%2Fcomments&post=253249"}],"version-history":[{"count":0,"href":"https:\/\/diariodominicano.com\/index.php?rest_route=\/wp\/v2\/posts\/253249\/revisions"}],"wp:attachment":[{"href":"https:\/\/diariodominicano.com\/index.php?rest_route=%2Fwp%2Fv2%2Fmedia&parent=253249"}],"wp:term":[{"taxonomy":"category","embeddable":true,"href":"https:\/\/diariodominicano.com\/index.php?rest_route=%2Fwp%2Fv2%2Fcategories&post=253249"},{"taxonomy":"post_tag","embeddable":true,"href":"https:\/\/diariodominicano.com\/index.php?rest_route=%2Fwp%2Fv2%2Ftags&post=253249"}],"curies":[{"name":"wp","href":"https:\/\/api.w.org\/{rel}","templated":true}]}}