{"id":253246,"date":"2015-09-06T09:21:09","date_gmt":"2015-09-06T09:21:09","guid":{"rendered":"http:\/\/diariodominicano.ddns.net\/?p=253246"},"modified":"2015-09-06T09:21:09","modified_gmt":"2015-09-06T09:21:09","slug":"elecciones-generales-en-guatemala","status":"publish","type":"post","link":"https:\/\/diariodominicano.com\/?p=253246","title":{"rendered":"Elecciones generales en Guatemala"},"content":{"rendered":"<p><body><\/p>\n<p><img decoding=\"async\" src=\"img3\/Votaciones.JPG\" \/>  <\/p>\n<p><span class=\"text1noticias\">Guatemala, 6 sep (PL) El presidente del Tribunal Supremo Electoral (TSE), Rudy Pineda, declar\u00f3 oficialmente abierto los centros de votaci\u00f3n de todo el pa\u00eds centroamericano, mientras Carlos Campollo fue el primer guatemalteco en ejercer su derecho al sufragio.<\/span><\/p>\n<\/p>\n<p><span class=\"text1noticias\">Las mesas electorales est\u00e1n listas para recibir a los votantes desde las 07:00 hasta las 18:00, hora local, en medio de una profunda crisis pol\u00edtica, en la cual el binomio presidencial electo en 2011, Otto P\u00e9rez Molina y Roxana Baldetti, est\u00e1n detenidos por un caso de corrupci\u00f3n.<\/span><\/p>\n<\/p>\n<p><span class=\"text1noticias\">En declaraciones a la prensa, el ciudadano Campollo llam\u00f3 a los m\u00e1s de 7.5 millones de empadronados a acudir a las urnas porque si no votan no pueden exigir luego a las autoridades que cumplan con sus obligaciones.<\/span><\/p>\n<\/p>\n<p><span class=\"text1noticias\">Tanto P\u00e9rez Molina como la exvicemandataria Roxana Baldetti guardan prisi\u00f3n por presuntamente dirigir La L\u00ednea, una red dedicada al desv\u00edo de millones de d\u00f3lares de las aduanas guatemaltecas.<\/span><\/p>\n<\/p>\n<p><span class=\"text1noticias\">El juez Miguel \u00c1ngel G\u00e1lvez decidir\u00e1 el pr\u00f3ximo martes si el expresidente enfrentar\u00e1 proceso penal, luego de tomar en consideraci\u00f3n los argumentos de la defensa y los medios de prueba presentados por la Comisi\u00f3n Internacional contra la Impunidad y el Ministerio P\u00fablico<\/span>.<\/p>\n<h6> 2015-09-06 09:21:09 <\/h6>\n<p><!--\n<link rel=\"stylesheet\" href=\"css\/bootstrap.min.css\">\n\n\n<ul class=\"pagination\">\n\t    \n\t\n\n<li >\n\t<a href='?page_no=22890'>Previous<\/a>\n\t<\/li>\n\n\n       \n    \n\n<li><a href='?page_no=1'>1<\/a><\/li>\n\n\n\n<li><a href='?page_no=2'>2<\/a><\/li>\n\n\n\n<li><a>...<\/a><\/li>\n\n\n\n<li><a href='?page_no=22889'>22889<\/a><\/li>\n\n\n\n<li><a href='?page_no=22890'>22890<\/a><\/li>\n\n\n\n<li class='active'><a>22891<\/a><\/li>\n\n\n\n<li><a href='?page_no=22892'>22892<\/a><\/li>\n\n\n\n<li><a href='?page_no=22893'>22893<\/a><\/li>\n\n\n\n<li><a>...<\/a><\/li>\n\n\n\n<li><a href='?page_no=51012'>51012<\/a><\/li>\n\n\n\n<li><a href='?page_no=51013'>51013<\/a><\/li>\n\n    \n\t\n\n<li >\n\t<a href='?page_no=22892'>Next<\/a>\n\t<\/li>\n\n\n    \n\n<li><a href='?page_no=51013'>Last &rsaquo;&rsaquo;<\/a><\/li>\n\n<\/ul>\n\n\n--><br \/>\n<\/body><\/p>\n","protected":false},"excerpt":{"rendered":"<p>Guatemala, 6 sep (PL) El presidente del Tribunal Supremo Electoral (TSE), Rudy Pineda, declar\u00f3 oficialmente abierto los centros de votaci\u00f3n de todo el pa\u00eds centroamericano, mientras Carlos Campollo fue el primer guatemalteco en ejercer su derecho al sufragio. Las mesas electorales est\u00e1n listas para recibir a los votantes desde las 07:00 hasta las 18:00, hora [&hellip;]<\/p>\n","protected":false},"author":3,"featured_media":0,"comment_status":"open","ping_status":"open","sticky":false,"template":"","format":"standard","meta":{"footnotes":""},"categories":[23],"tags":[],"class_list":["post-253246","post","type-post","status-publish","format-standard","hentry","category-internacional"],"_links":{"self":[{"href":"https:\/\/diariodominicano.com\/index.php?rest_route=\/wp\/v2\/posts\/253246","targetHints":{"allow":["GET"]}}],"collection":[{"href":"https:\/\/diariodominicano.com\/index.php?rest_route=\/wp\/v2\/posts"}],"about":[{"href":"https:\/\/diariodominicano.com\/index.php?rest_route=\/wp\/v2\/types\/post"}],"author":[{"embeddable":true,"href":"https:\/\/diariodominicano.com\/index.php?rest_route=\/wp\/v2\/users\/3"}],"replies":[{"embeddable":true,"href":"https:\/\/diariodominicano.com\/index.php?rest_route=%2Fwp%2Fv2%2Fcomments&post=253246"}],"version-history":[{"count":0,"href":"https:\/\/diariodominicano.com\/index.php?rest_route=\/wp\/v2\/posts\/253246\/revisions"}],"wp:attachment":[{"href":"https:\/\/diariodominicano.com\/index.php?rest_route=%2Fwp%2Fv2%2Fmedia&parent=253246"}],"wp:term":[{"taxonomy":"category","embeddable":true,"href":"https:\/\/diariodominicano.com\/index.php?rest_route=%2Fwp%2Fv2%2Fcategories&post=253246"},{"taxonomy":"post_tag","embeddable":true,"href":"https:\/\/diariodominicano.com\/index.php?rest_route=%2Fwp%2Fv2%2Ftags&post=253246"}],"curies":[{"name":"wp","href":"https:\/\/api.w.org\/{rel}","templated":true}]}}