{"id":253243,"date":"2015-09-06T22:14:05","date_gmt":"2015-09-06T22:14:05","guid":{"rendered":"http:\/\/diariodominicano.ddns.net\/?p=253243"},"modified":"2015-09-06T22:14:05","modified_gmt":"2015-09-06T22:14:05","slug":"son-inmigrantes-un-total-de-35-de-la-poblacion-en-argentina","status":"publish","type":"post","link":"https:\/\/diariodominicano.com\/?p=253243","title":{"rendered":"Son inmigrantes un total de 3,5% de la poblaci\u00f3n en Argentina"},"content":{"rendered":"<p><body><\/p>\n<p><img decoding=\"async\" src=\"img3\/buenos-aires-argentina.jpg\" \/>  <\/p>\n<p><span class=\"text1noticias\">BUENOS AIRES, 7 sep (Xinhua) &#8212; Un total de 1,4 millones de los habitantes de Argentina, equivalente al 3,5% de la poblaci\u00f3n total, es inmigrante, inform\u00f3 hoy domingo un reporte del Instituto Argentino para el Desarrollo Social (IDESA) informe privado.<\/span><\/p>\n<p><span class=\"text1noticias\"> <\/span><\/p>\n<p><span class=\"text1noticias\">EL informe fue elaborado en el contexto de la crisis humanitaria que se vive como concecuencia de la guerra civil en Siria.  <\/span><\/p>\n<p><span class=\"text1noticias\"> <\/span><\/p>\n<p><span class=\"text1noticias\">\u00abLas fotos del ni\u00f1o sirio ahogado en las costas de Turqu\u00eda ilustran el drama de millones de personas que apelan al \u00e9xodo ante la violencia,el fanatismo y la pobreza extrema prevalecientes en sus pa\u00edses de origen. Es una tragedia de muy dif\u00edcil soluci\u00f3n\u00bb, dijo el IDESA.<\/span><\/p>\n<p><span class=\"text1noticias\"> <\/span><\/p>\n<p><span class=\"text1noticias\">\u00abSi bien en la Argentina las dimensiones y caracter\u00edsticas de las migraciones son diferentes, de todas formas plantean desaf\u00edos que deber\u00edan ser contemplados en el dise\u00f1o de las pol\u00edticas p\u00fablicas\u00bb, concluy\u00f3.<\/span><\/p>\n<p><span class=\"text1noticias\"> <\/span><\/p>\n<p><span class=\"text1noticias\">La entidad cit\u00f3 datos de la Encuesta Nacional de Hogares Urbanos del Instituto Nacional de Estad\u00edstica y Censos (INDEC) correspondientes al 3\u00b0 trimestre del 2014, que avalan las cifras que residentes en Argentina que nacieron en otro pa\u00eds.<\/span><\/p>\n<p><span class=\"text1noticias\"> <\/span><\/p>\n<p><span class=\"text1noticias\">\u00abEl 70% de los migrantes provienen de pa\u00edses lim\u00edtrofes y el 30% restante de pa\u00edses no lim\u00edtrofes\u00bb, puntualiz\u00f3 el estudio.<\/span><\/p>\n<p><span class=\"text1noticias\"> <\/span><\/p>\n<p><span class=\"text1noticias\">Seg\u00fan el IDESA, \u00abestos datos muestran que en la Argentina el fen\u00f3meno migratorio no es irrelevante, aunque est\u00e9 lejos de tener las dimensiones y las caracter\u00edsticas que se observan en Europa\u00bb.<\/span><\/p>\n<p><span class=\"text1noticias\"> <\/span><\/p>\n<p><span class=\"text1noticias\"> \u00abLas personas nacidas en otros pa\u00edses representan un universo equivalente a la poblaci\u00f3n de una provincia de tama\u00f1o medio, como por ejemplo Entre R\u00edos, Salta o Tucum\u00e1n.\u00bb<\/span><\/p>\n<p><span class=\"text1noticias\"> <\/span><\/p>\n<p><span class=\"text1noticias\">\u00abTienen adem\u00e1s la particularidad de concentrarse en las provincias patag\u00f3nicas (sur) y en la ciudad de Buenos Aires\u00bb, precis\u00f3.<\/span><\/p>\n<p><span class=\"text1noticias\"> <\/span><\/p>\n<p><span class=\"text1noticias\">El Instituto remarc\u00f3 que \u00abla inmigraci\u00f3n puede convertirse en una oportunidad de progreso para los extranjeros y para el pa\u00eds receptor. Para que ello ocurra es fundamental que sea en el marco de una estrategia que contemple su adecuada inserci\u00f3n social y productiva<\/span>\u00ab, inst\u00f3.<\/p>\n<h6> 2015-09-06 22:14:05 <\/h6>\n<p><!--\n<link rel=\"stylesheet\" href=\"css\/bootstrap.min.css\">\n\n\n<ul class=\"pagination\">\n\t    \n\t\n\n<li >\n\t<a href='?page_no=22887'>Previous<\/a>\n\t<\/li>\n\n\n       \n    \n\n<li><a href='?page_no=1'>1<\/a><\/li>\n\n\n\n<li><a href='?page_no=2'>2<\/a><\/li>\n\n\n\n<li><a>...<\/a><\/li>\n\n\n\n<li><a href='?page_no=22886'>22886<\/a><\/li>\n\n\n\n<li><a href='?page_no=22887'>22887<\/a><\/li>\n\n\n\n<li class='active'><a>22888<\/a><\/li>\n\n\n\n<li><a href='?page_no=22889'>22889<\/a><\/li>\n\n\n\n<li><a href='?page_no=22890'>22890<\/a><\/li>\n\n\n\n<li><a>...<\/a><\/li>\n\n\n\n<li><a href='?page_no=51012'>51012<\/a><\/li>\n\n\n\n<li><a href='?page_no=51013'>51013<\/a><\/li>\n\n    \n\t\n\n<li >\n\t<a href='?page_no=22889'>Next<\/a>\n\t<\/li>\n\n\n    \n\n<li><a href='?page_no=51013'>Last &rsaquo;&rsaquo;<\/a><\/li>\n\n<\/ul>\n\n\n--><br \/>\n<\/body><\/p>\n","protected":false},"excerpt":{"rendered":"<p>BUENOS AIRES, 7 sep (Xinhua) &#8212; Un total de 1,4 millones de los habitantes de Argentina, equivalente al 3,5% de la poblaci\u00f3n total, es inmigrante, inform\u00f3 hoy domingo un reporte del Instituto Argentino para el Desarrollo Social (IDESA) informe privado. EL informe fue elaborado en el contexto de la crisis humanitaria que se vive como [&hellip;]<\/p>\n","protected":false},"author":3,"featured_media":0,"comment_status":"open","ping_status":"open","sticky":false,"template":"","format":"standard","meta":{"footnotes":""},"categories":[23],"tags":[],"class_list":["post-253243","post","type-post","status-publish","format-standard","hentry","category-internacional"],"_links":{"self":[{"href":"https:\/\/diariodominicano.com\/index.php?rest_route=\/wp\/v2\/posts\/253243","targetHints":{"allow":["GET"]}}],"collection":[{"href":"https:\/\/diariodominicano.com\/index.php?rest_route=\/wp\/v2\/posts"}],"about":[{"href":"https:\/\/diariodominicano.com\/index.php?rest_route=\/wp\/v2\/types\/post"}],"author":[{"embeddable":true,"href":"https:\/\/diariodominicano.com\/index.php?rest_route=\/wp\/v2\/users\/3"}],"replies":[{"embeddable":true,"href":"https:\/\/diariodominicano.com\/index.php?rest_route=%2Fwp%2Fv2%2Fcomments&post=253243"}],"version-history":[{"count":0,"href":"https:\/\/diariodominicano.com\/index.php?rest_route=\/wp\/v2\/posts\/253243\/revisions"}],"wp:attachment":[{"href":"https:\/\/diariodominicano.com\/index.php?rest_route=%2Fwp%2Fv2%2Fmedia&parent=253243"}],"wp:term":[{"taxonomy":"category","embeddable":true,"href":"https:\/\/diariodominicano.com\/index.php?rest_route=%2Fwp%2Fv2%2Fcategories&post=253243"},{"taxonomy":"post_tag","embeddable":true,"href":"https:\/\/diariodominicano.com\/index.php?rest_route=%2Fwp%2Fv2%2Ftags&post=253243"}],"curies":[{"name":"wp","href":"https:\/\/api.w.org\/{rel}","templated":true}]}}