{"id":253240,"date":"2015-09-07T12:16:02","date_gmt":"2015-09-07T12:16:02","guid":{"rendered":"http:\/\/diariodominicano.ddns.net\/?p=253240"},"modified":"2015-09-07T12:16:02","modified_gmt":"2015-09-07T12:16:02","slug":"dilma-rousseff-esta-de-brazos-abiertos-para-recibir-refugiados","status":"publish","type":"post","link":"https:\/\/diariodominicano.com\/?p=253240","title":{"rendered":"Dilma Rousseff est\u00e1 \u00abde brazos abiertos\u00bb para recibir refugiados"},"content":{"rendered":"<p><body><\/p>\n<p><img decoding=\"async\" src=\"img3\/Dilmaa.jpg\" \/>  <\/p>\n<p><span class=\"text1noticias\">BRASILIA, 7 sep (Xinhua) &#8212; La presidenta brasile\u00f1a Dilma Rousseff dijo hoy en un mensaje divulgado en las redes sociales alusivo al D\u00eda de la Independencia de su pa\u00eds, que a pesar de las dificultades que vive, Brasil est\u00e1 \u00abde brazos abiertos\u00bb para recibir a refugiados.<\/span><\/p>\n<p><span class=\"text1noticias\"> <\/span><\/p>\n<p><span class=\"text1noticias\">\u00abIncluso en los momentos de dificultad, de crisis como vamos, vamos a tener nuestros brazos abiertos para acoger a los refugiados. Aprovecho esta oportunidad para reiterar la voluntad del gobierno para recibir a quienes, expulsados de sus lugares de origen, quieran venir aqu\u00ed para trabajar y contribuir a la prosperidad y la paz de Brasil\u00bb, dijo.<\/span><\/p>\n<p><span class=\"text1noticias\"> <\/span><\/p>\n<p><span class=\"text1noticias\">La mandataria mencion\u00f3 la tragedia del ni\u00f1o sirio Aylan Kurdi, quien muriera ahogado despu\u00e9s de tratar de cruzar el mar rumbo a Turqu\u00eda junto a su familia.<\/span><\/p>\n<p><span class=\"text1noticias\"> <\/span><\/p>\n<p><span class=\"text1noticias\">Seg\u00fan Dilma, la imagen del ni\u00f1o muerto en una playa \u00abtoc\u00f3 a todos y dio un reto para el mundo\u00bb.<\/span><\/p>\n<p><span class=\"text1noticias\"> <\/span><\/p>\n<p><span class=\"text1noticias\">Rousseff record\u00f3 que la sociedad brasile\u00f1a est\u00e1 formada por personas de diversos or\u00edgenes, y asegur\u00f3 que el pa\u00eds va a superar la crisis interna que atraviesa.<\/span><\/p>\n<p><span class=\"text1noticias\"> <\/span><\/p>\n<p><span class=\"text1noticias\">\u00abS\u00e9 que es mi responsabilidad presentar caminos y soluciones para hacer la traves\u00eda que se necesita\u00bb, dijo.<\/span><\/p>\n<p><span class=\"text1noticias\"> <\/span><\/p>\n<p><span class=\"text1noticias\">Las dificultades y los desaf\u00edos econ\u00f3micos, se\u00f1al\u00f3, \u00abresultan de un largo per\u00edodo en el que el gobierno entendi\u00f3 que deb\u00eda gastar lo que fuera necesario para asegurar el empleo y los ingresos de los trabajadores, la continuidad de las inversiones y los programas sociales\u00bb.<\/span><\/p>\n<p><span class=\"text1noticias\"> <\/span><\/p>\n<p><span class=\"text1noticias\">La presidenta apunt\u00f3 que los problemas econ\u00f3micos tambi\u00e9n est\u00e1n relacionados a la crisis externa.<\/span><\/p>\n<p><span class=\"text1noticias\"> <\/span><\/p>\n<p><span class=\"text1noticias\">\u00abNuestros problemas tambi\u00e9n vinieron de afuera y nadie que sea honesto puede negar eso. Est\u00e1 claro que la situaci\u00f3n en muchas partes del mundo se volvi\u00f3 a empeorar \u00ab, subray\u00f3, recordando que grandes pa\u00edses socios de Brasil redujeron su crecimiento.<\/span><\/p>\n<p><span class=\"text1noticias\"> <\/span><\/p>\n<p><span class=\"text1noticias\">Rousseff termin\u00f3 su mensaje haciendo referencia al 7 de septiembre, D\u00eda de la Independencia, cuando Brasil honra a sus h\u00e9roes.<\/span><\/p>\n<p><span class=\"text1noticias\"> <\/span><\/p>\n<p><span class=\"text1noticias\">En alusi\u00f3n a movimientos de la oposici\u00f3n para impulsar un juicio pol\u00edtico en su contra y su salida anticipada del poder, enfatiz\u00f3 que pa\u00eds debe mantenerse firme en la defensa de la democracia.<\/span><\/p>\n<p><span class=\"text1noticias\"> <\/span><\/p>\n<p><span class=\"text1noticias\">\u00abLa democracia y la adopci\u00f3n del voto popular (son) el \u00fanico m\u00e9todo de elegir a nuestros gobernantes y representante<\/span>s\u00bb, subray\u00f3<\/p>\n<h6> 2015-09-07 12:16:02 <\/h6>\n<p><!--\n<link rel=\"stylesheet\" href=\"css\/bootstrap.min.css\">\n\n\n<ul class=\"pagination\">\n\t    \n\t\n\n<li >\n\t<a href='?page_no=22884'>Previous<\/a>\n\t<\/li>\n\n\n       \n    \n\n<li><a href='?page_no=1'>1<\/a><\/li>\n\n\n\n<li><a href='?page_no=2'>2<\/a><\/li>\n\n\n\n<li><a>...<\/a><\/li>\n\n\n\n<li><a href='?page_no=22883'>22883<\/a><\/li>\n\n\n\n<li><a href='?page_no=22884'>22884<\/a><\/li>\n\n\n\n<li class='active'><a>22885<\/a><\/li>\n\n\n\n<li><a href='?page_no=22886'>22886<\/a><\/li>\n\n\n\n<li><a href='?page_no=22887'>22887<\/a><\/li>\n\n\n\n<li><a>...<\/a><\/li>\n\n\n\n<li><a href='?page_no=51012'>51012<\/a><\/li>\n\n\n\n<li><a href='?page_no=51013'>51013<\/a><\/li>\n\n    \n\t\n\n<li >\n\t<a href='?page_no=22886'>Next<\/a>\n\t<\/li>\n\n\n    \n\n<li><a href='?page_no=51013'>Last &rsaquo;&rsaquo;<\/a><\/li>\n\n<\/ul>\n\n\n--><br \/>\n<\/body><\/p>\n","protected":false},"excerpt":{"rendered":"<p>BRASILIA, 7 sep (Xinhua) &#8212; La presidenta brasile\u00f1a Dilma Rousseff dijo hoy en un mensaje divulgado en las redes sociales alusivo al D\u00eda de la Independencia de su pa\u00eds, que a pesar de las dificultades que vive, Brasil est\u00e1 \u00abde brazos abiertos\u00bb para recibir a refugiados. \u00abIncluso en los momentos de dificultad, de crisis como [&hellip;]<\/p>\n","protected":false},"author":3,"featured_media":0,"comment_status":"open","ping_status":"open","sticky":false,"template":"","format":"standard","meta":{"footnotes":""},"categories":[23],"tags":[],"class_list":["post-253240","post","type-post","status-publish","format-standard","hentry","category-internacional"],"_links":{"self":[{"href":"https:\/\/diariodominicano.com\/index.php?rest_route=\/wp\/v2\/posts\/253240","targetHints":{"allow":["GET"]}}],"collection":[{"href":"https:\/\/diariodominicano.com\/index.php?rest_route=\/wp\/v2\/posts"}],"about":[{"href":"https:\/\/diariodominicano.com\/index.php?rest_route=\/wp\/v2\/types\/post"}],"author":[{"embeddable":true,"href":"https:\/\/diariodominicano.com\/index.php?rest_route=\/wp\/v2\/users\/3"}],"replies":[{"embeddable":true,"href":"https:\/\/diariodominicano.com\/index.php?rest_route=%2Fwp%2Fv2%2Fcomments&post=253240"}],"version-history":[{"count":0,"href":"https:\/\/diariodominicano.com\/index.php?rest_route=\/wp\/v2\/posts\/253240\/revisions"}],"wp:attachment":[{"href":"https:\/\/diariodominicano.com\/index.php?rest_route=%2Fwp%2Fv2%2Fmedia&parent=253240"}],"wp:term":[{"taxonomy":"category","embeddable":true,"href":"https:\/\/diariodominicano.com\/index.php?rest_route=%2Fwp%2Fv2%2Fcategories&post=253240"},{"taxonomy":"post_tag","embeddable":true,"href":"https:\/\/diariodominicano.com\/index.php?rest_route=%2Fwp%2Fv2%2Ftags&post=253240"}],"curies":[{"name":"wp","href":"https:\/\/api.w.org\/{rel}","templated":true}]}}