{"id":253239,"date":"2015-09-07T12:28:25","date_gmt":"2015-09-07T12:28:25","guid":{"rendered":"http:\/\/diariodominicano.ddns.net\/?p=253239"},"modified":"2015-09-07T12:28:25","modified_gmt":"2015-09-07T12:28:25","slug":"evo-morales-deja-al-pueblo-decision-sobre-reeleccion-de-mandato","status":"publish","type":"post","link":"https:\/\/diariodominicano.com\/?p=253239","title":{"rendered":"Evo Morales deja al pueblo decisi\u00f3n sobre reelecci\u00f3n de mandato"},"content":{"rendered":"<p><body><\/p>\n<p><img decoding=\"async\" src=\"img3\/evo.jpg\" \/>  <\/p>\n<p><span class=\"text1noticias\">LA PAZ, 7 sep (Xinhua) &#8212; El presidente Evo Morales dej\u00f3 hoy al pueblo boliviano la decisi\u00f3n de una nueva reelecci\u00f3n de su mandato, que se prev\u00e9 se dar\u00e1 a trav\u00e9s de un referendo popular, cuando se deba someter las reformas parciales constitucionales.<\/span><\/p>\n<p><span class=\"text1noticias\"> <\/span><\/p>\n<p><span class=\"text1noticias\">\u00abQue el pueblo se pronuncie&#8230; Yo no quiero meterme en ese debate (de la repostulaci\u00f3n), pero he aprendido que tengo que estar al pedido del pueblo, por tanto es quien debe definir\u00bb, enfatiz\u00f3 el presidente del Morales en conferencia de prensa realizada en La Paz.<\/span><\/p>\n<p><span class=\"text1noticias\"> <\/span><\/p>\n<p><span class=\"text1noticias\">De esta manera se pronunci\u00f3 el dignatario sobre las versiones de prensa respecto a las propuestas de algunas organizaciones sociales para que la Constituci\u00f3n Pol\u00edtica del Estado sea modificada con fines de permitirle una reelecci\u00f3n indefinida.<\/span><\/p>\n<p><span class=\"text1noticias\"> <\/span><\/p>\n<p><span class=\"text1noticias\">La anterior semana, organizaciones sociales que son parte del Movimiento Al Socialismo revelaron que est\u00e1n trabajando en un proyecto de ley para abrir la CPE con fines de permitir una nueva reelecci\u00f3n de Morales. De inmediato surgieron voces del mismo sector para que en estos cambios se permita la gesti\u00f3n indefinida.<\/span><\/p>\n<p><span class=\"text1noticias\"> <\/span><\/p>\n<p><span class=\"text1noticias\">Morales declar\u00f3 este lunes que la corriente de opini\u00f3n para que sea repostulado en las elecciones generales de 2019 ha crecido por decisi\u00f3n de las bases populares, \u00abno ha sido una posici\u00f3n pol\u00edtica del partido\u00bb.<\/span><\/p>\n<p><span class=\"text1noticias\"> <\/span><\/p>\n<p><span class=\"text1noticias\">\u00abQuiero decirles que este planteamiento va creciendo. No hay que tenerle miedo al pueblo, yo fui al revocatorio cuando ten\u00eda el 54 por ciento de respaldo, logr\u00e9 m\u00e1s del 65 por ciento de apoyo\u00bb, dijo Morales al referirse a la consulta de agosto de 2008, en el momento de mayor crisis pol\u00edtica desde el inicio de la gesti\u00f3n del actual presidente.<\/span><\/p>\n<p><span class=\"text1noticias\"> <\/span><\/p>\n<p><span class=\"text1noticias\">Antes de emprender viaje a la ciudad de Cochabamba, donde participar\u00e1 de los actos p\u00fablicos por la efem\u00e9ride departamental, Morales precis\u00f3 que opositores y oficialistas respaldan la repostulaci\u00f3n.<\/span><\/p>\n<p><span class=\"text1noticias\"> <\/span><\/p>\n<p><span class=\"text1noticias\">Puso como ejemplo el departamento de Pando (norte), donde todos los alcaldes, incluyendo dos que son de la oposici\u00f3n, le piden que vuelvan a presentarse como candidato.<\/span><\/p>\n<p><span class=\"text1noticias\"> <\/span><\/p>\n<p><span class=\"text1noticias\">\u00abEsta no es etapa del MAS, es la etapa del pueblo, por tanto es el soberano quien debe definir mi repostulaci\u00f3n, porque yo trabajo obedeciendo al pueblo\u00bb, asever\u00f3 Morales ante los periodistas.<\/span><\/p>\n<p><span class=\"text1noticias\"> <\/span><\/p>\n<p><span class=\"text1noticias\">Adem\u00e1s asegur\u00f3 que hasta los empresarios privados le preguntan a \u00e9l qu\u00e9 pasar\u00e1 con Bolivia si deja la presidencia, por lo que considera que es un impl\u00edcito apoyo a la corriente de reelecci\u00f3n que fijaron los movimientos sociales.<\/span><\/p>\n<p><span class=\"text1noticias\"> <\/span><\/p>\n<p><span class=\"text1noticias\">En este contexto, dijo que una vez que las organizaciones sociales se han manifestado, el gobierno y la Asamblea Legislativa Plurinacional trabajar\u00e1n en el debate interno sobre este tema.<\/span><\/p>\n<p><span class=\"text1noticias\"> <\/span><\/p>\n<p><span class=\"text1noticias\">Los sectores sociales a\u00fan no hicieron llegar al?Legislativo su propuesta para allanar el camino a una nueva repostulaci\u00f3n de Evo Morales a la presidencia y la bancada oficialista ya anticip\u00f3 que utilizar\u00e1 sus dos tercios de voto para dar luz verde al pedido.<\/span><\/p>\n<p><span class=\"text1noticias\"> <\/span><\/p>\n<p><span class=\"text1noticias\">La anterior semana, tras una reuni\u00f3n en Palacio de Gobierno, la Coordinadora Nacional por el?Cambio anunci\u00f3 que solicitar\u00e1 a la Asamblea Legislativa que trabaje en una reforma constitucional para lograr ese objetivo y convoc\u00f3 para ma\u00f1ana a un encuentro donde afinar\u00e1 su propuesta.<\/span><\/p>\n<p><span class=\"text1noticias\"> <\/span><\/p>\n<p><span class=\"text1noticias\">No obstante, el jefe de la bancada del partido oficialista MAS, Adhemar?Valda, indic\u00f3 que la meta es \u00abgarantizar una reelecci\u00f3n indefinida\u00bb<\/span> de Morales. <\/p>\n<h6> 2015-09-07 12:28:25 <\/h6>\n<p><!--\n<link rel=\"stylesheet\" href=\"css\/bootstrap.min.css\">\n\n\n<ul class=\"pagination\">\n\t    \n\t\n\n<li >\n\t<a href='?page_no=22883'>Previous<\/a>\n\t<\/li>\n\n\n       \n    \n\n<li><a href='?page_no=1'>1<\/a><\/li>\n\n\n\n<li><a href='?page_no=2'>2<\/a><\/li>\n\n\n\n<li><a>...<\/a><\/li>\n\n\n\n<li><a href='?page_no=22882'>22882<\/a><\/li>\n\n\n\n<li><a href='?page_no=22883'>22883<\/a><\/li>\n\n\n\n<li class='active'><a>22884<\/a><\/li>\n\n\n\n<li><a href='?page_no=22885'>22885<\/a><\/li>\n\n\n\n<li><a href='?page_no=22886'>22886<\/a><\/li>\n\n\n\n<li><a>...<\/a><\/li>\n\n\n\n<li><a href='?page_no=51012'>51012<\/a><\/li>\n\n\n\n<li><a href='?page_no=51013'>51013<\/a><\/li>\n\n    \n\t\n\n<li >\n\t<a href='?page_no=22885'>Next<\/a>\n\t<\/li>\n\n\n    \n\n<li><a href='?page_no=51013'>Last &rsaquo;&rsaquo;<\/a><\/li>\n\n<\/ul>\n\n\n--><br \/>\n<\/body><\/p>\n","protected":false},"excerpt":{"rendered":"<p>LA PAZ, 7 sep (Xinhua) &#8212; El presidente Evo Morales dej\u00f3 hoy al pueblo boliviano la decisi\u00f3n de una nueva reelecci\u00f3n de su mandato, que se prev\u00e9 se dar\u00e1 a trav\u00e9s de un referendo popular, cuando se deba someter las reformas parciales constitucionales. \u00abQue el pueblo se pronuncie&#8230; Yo no quiero meterme en ese debate [&hellip;]<\/p>\n","protected":false},"author":3,"featured_media":0,"comment_status":"open","ping_status":"open","sticky":false,"template":"","format":"standard","meta":{"footnotes":""},"categories":[23],"tags":[],"class_list":["post-253239","post","type-post","status-publish","format-standard","hentry","category-internacional"],"_links":{"self":[{"href":"https:\/\/diariodominicano.com\/index.php?rest_route=\/wp\/v2\/posts\/253239","targetHints":{"allow":["GET"]}}],"collection":[{"href":"https:\/\/diariodominicano.com\/index.php?rest_route=\/wp\/v2\/posts"}],"about":[{"href":"https:\/\/diariodominicano.com\/index.php?rest_route=\/wp\/v2\/types\/post"}],"author":[{"embeddable":true,"href":"https:\/\/diariodominicano.com\/index.php?rest_route=\/wp\/v2\/users\/3"}],"replies":[{"embeddable":true,"href":"https:\/\/diariodominicano.com\/index.php?rest_route=%2Fwp%2Fv2%2Fcomments&post=253239"}],"version-history":[{"count":0,"href":"https:\/\/diariodominicano.com\/index.php?rest_route=\/wp\/v2\/posts\/253239\/revisions"}],"wp:attachment":[{"href":"https:\/\/diariodominicano.com\/index.php?rest_route=%2Fwp%2Fv2%2Fmedia&parent=253239"}],"wp:term":[{"taxonomy":"category","embeddable":true,"href":"https:\/\/diariodominicano.com\/index.php?rest_route=%2Fwp%2Fv2%2Fcategories&post=253239"},{"taxonomy":"post_tag","embeddable":true,"href":"https:\/\/diariodominicano.com\/index.php?rest_route=%2Fwp%2Fv2%2Ftags&post=253239"}],"curies":[{"name":"wp","href":"https:\/\/api.w.org\/{rel}","templated":true}]}}