{"id":253238,"date":"2015-09-07T12:36:40","date_gmt":"2015-09-07T12:36:40","guid":{"rendered":"http:\/\/diariodominicano.ddns.net\/?p=253238"},"modified":"2015-09-07T12:36:40","modified_gmt":"2015-09-07T12:36:40","slug":"hollande-imposible-acuerdo-cambio-climatico-sin-compromiso-financiero","status":"publish","type":"post","link":"https:\/\/diariodominicano.com\/?p=253238","title":{"rendered":"Hollande: Imposible acuerdo cambio clim\u00e1tico sin compromiso financiero"},"content":{"rendered":"<p><body><\/p>\n<p><span class=\"text1noticias\"> <\/span><\/p>\n<p><span class=\"text1noticias\">El mandatario advirti\u00f3 que existen riesgos reales de que los corresponsables no lleguen a un acuerdo global y restrictivo sobre el cambio clim\u00e1tico, y subray\u00f3 que \u00abno habr\u00e1 un acuerdo si no hay un firme compromiso sobre el aspecto financiero\u00bb.<\/span><\/p>\n<p><span class=\"text1noticias\"> <\/span><\/p>\n<p><span class=\"text1noticias\">\u00abNecesitamos un acuerdo previo sobre la cuesti\u00f3n de las finanzas\u00bb antes de la reuni\u00f3n sobre el clima, mencion\u00f3 Hollande, para que los jefes de Estado que asistan al evento \u00abpuedan estar seguros de que se concluir\u00e1 con un acuerdo\u00bb.<\/span><\/p>\n<p><span class=\"text1noticias\"> <\/span><\/p>\n<p><span class=\"text1noticias\">En la cumbre de Copenhague sobre el clima en 2009, las negociaciones no lograron limitar los gases productores del efecto invernadero y las naciones ricas no cumplieron su promesa de otorgar 100.000 millones de d\u00f3lares a los pa\u00edses m\u00e1s pobres para enfrentar el cambio clim\u00e1tico, record\u00f3 el presidente franc\u00e9s.<\/span><\/p>\n<p><span class=\"text1noticias\"> <\/span><\/p>\n<p><span class=\"text1noticias\">Francia ser\u00e1 sede de la Conferencia sobre el Clima en Par\u00eds (COP21) en diciembre de este a\u00f1o, en la cual los funcionarios buscar\u00e1n un acuerdo mundial y obligatorio para limitar el calentamiento global a dos grados Celsius.<\/span><\/p>\n<p><span class=\"text1noticias\"> <\/span><\/p>\n<p><span class=\"text1noticias\">Hasta ahora, 47 pa\u00edses de los 195 participantes en la reuni\u00f3n internacional sobre el clima presentaron sus contribuciones nacionales para contener las emisiones de los gases productores del efecto invernadero.<\/span><\/p>\n<p><span class=\"text1noticias\"> <\/span><\/p>\n<p><span class=\"text1noticias\">En la lista est\u00e1n incluidos los 28 pa\u00edses miembros del bloque europeo, China, Estados Unidos y <\/span>Rusia.<\/p>\n<h6> 2015-09-07 12:36:40 <\/h6>\n<p><!--\n<link rel=\"stylesheet\" href=\"css\/bootstrap.min.css\">\n\n\n<ul class=\"pagination\">\n\t    \n\t\n\n<li >\n\t<a href='?page_no=22882'>Previous<\/a>\n\t<\/li>\n\n\n       \n    \n\n<li><a href='?page_no=1'>1<\/a><\/li>\n\n\n\n<li><a href='?page_no=2'>2<\/a><\/li>\n\n\n\n<li><a>...<\/a><\/li>\n\n\n\n<li><a href='?page_no=22881'>22881<\/a><\/li>\n\n\n\n<li><a href='?page_no=22882'>22882<\/a><\/li>\n\n\n\n<li class='active'><a>22883<\/a><\/li>\n\n\n\n<li><a href='?page_no=22884'>22884<\/a><\/li>\n\n\n\n<li><a href='?page_no=22885'>22885<\/a><\/li>\n\n\n\n<li><a>...<\/a><\/li>\n\n\n\n<li><a href='?page_no=51012'>51012<\/a><\/li>\n\n\n\n<li><a href='?page_no=51013'>51013<\/a><\/li>\n\n    \n\t\n\n<li >\n\t<a href='?page_no=22884'>Next<\/a>\n\t<\/li>\n\n\n    \n\n<li><a href='?page_no=51013'>Last &rsaquo;&rsaquo;<\/a><\/li>\n\n<\/ul>\n\n\n--><br \/>\n<\/body><\/p>\n","protected":false},"excerpt":{"rendered":"<p>El mandatario advirti\u00f3 que existen riesgos reales de que los corresponsables no lleguen a un acuerdo global y restrictivo sobre el cambio clim\u00e1tico, y subray\u00f3 que \u00abno habr\u00e1 un acuerdo si no hay un firme compromiso sobre el aspecto financiero\u00bb. \u00abNecesitamos un acuerdo previo sobre la cuesti\u00f3n de las finanzas\u00bb antes de la reuni\u00f3n sobre [&hellip;]<\/p>\n","protected":false},"author":3,"featured_media":0,"comment_status":"open","ping_status":"open","sticky":false,"template":"","format":"standard","meta":{"footnotes":""},"categories":[23],"tags":[],"class_list":["post-253238","post","type-post","status-publish","format-standard","hentry","category-internacional"],"_links":{"self":[{"href":"https:\/\/diariodominicano.com\/index.php?rest_route=\/wp\/v2\/posts\/253238","targetHints":{"allow":["GET"]}}],"collection":[{"href":"https:\/\/diariodominicano.com\/index.php?rest_route=\/wp\/v2\/posts"}],"about":[{"href":"https:\/\/diariodominicano.com\/index.php?rest_route=\/wp\/v2\/types\/post"}],"author":[{"embeddable":true,"href":"https:\/\/diariodominicano.com\/index.php?rest_route=\/wp\/v2\/users\/3"}],"replies":[{"embeddable":true,"href":"https:\/\/diariodominicano.com\/index.php?rest_route=%2Fwp%2Fv2%2Fcomments&post=253238"}],"version-history":[{"count":0,"href":"https:\/\/diariodominicano.com\/index.php?rest_route=\/wp\/v2\/posts\/253238\/revisions"}],"wp:attachment":[{"href":"https:\/\/diariodominicano.com\/index.php?rest_route=%2Fwp%2Fv2%2Fmedia&parent=253238"}],"wp:term":[{"taxonomy":"category","embeddable":true,"href":"https:\/\/diariodominicano.com\/index.php?rest_route=%2Fwp%2Fv2%2Fcategories&post=253238"},{"taxonomy":"post_tag","embeddable":true,"href":"https:\/\/diariodominicano.com\/index.php?rest_route=%2Fwp%2Fv2%2Ftags&post=253238"}],"curies":[{"name":"wp","href":"https:\/\/api.w.org\/{rel}","templated":true}]}}