{"id":253237,"date":"2015-09-07T12:40:47","date_gmt":"2015-09-07T12:40:47","guid":{"rendered":"http:\/\/diariodominicano.ddns.net\/?p=253237"},"modified":"2015-09-07T12:40:47","modified_gmt":"2015-09-07T12:40:47","slug":"detienen-a-mexicano-con-11-iguanas-de-islas-galapagos","status":"publish","type":"post","link":"https:\/\/diariodominicano.com\/?p=253237","title":{"rendered":"Detienen a mexicano con 11 iguanas de islas Gal\u00e1pagos"},"content":{"rendered":"<p><body><\/p>\n<p><span class=\"text1noticias\">La detenci\u00f3n se produjo la v\u00edspera cuando pretend\u00eda sacar las iguanas, entre marinas y terrestres, desde la Isla Santa Cruz, segunda m\u00e1s grande del Archipi\u00e9lago, situado 972 kil\u00f3metros al oeste de la costa continental de Ecuador.<\/span><\/p>\n<p><span class=\"text1noticias\"> <\/span><\/p>\n<p><span class=\"text1noticias\">El ministerio de Ambiente indic\u00f3 en un comunicado que la captura del extranjero se dio gracias a un trabajo conjunto con especialistas de vida silvestre de los pa\u00edses signatarios de la Convenci\u00f3n sobre el Comercio Internacional de Especies Amenazadas de Fauna y Flora Silvestres (CITES), del cual Ecuador es signatario desde 1975.<\/span><\/p>\n<p><span class=\"text1noticias\"> <\/span><\/p>\n<p><span class=\"text1noticias\">Estos especialistas fueron quienes  alertaron \u00absobre el nuevo env\u00edo que se pretend\u00eda hacer desde el Ecuador hacia Uganda\u00bb, se\u00f1al\u00f3 el comunicado.<\/span><\/p>\n<p><span class=\"text1noticias\"> <\/span><\/p>\n<p><span class=\"text1noticias\">Seg\u00fan el ministerio, desde hace tres meses se realizaban investigaciones acerca de una presunta red internacional de tr\u00e1fico de vida silvestre.<\/span><\/p>\n<p><span class=\"text1noticias\"> <\/span><\/p>\n<p><span class=\"text1noticias\">Las pesquisas llevaron a la detenci\u00f3n del ciudadano mexicano, quien se encargaba de capturar a las iguanas para posteriormente sacarlas del Archipi\u00e9lago \u00abcon la ayuda de otros extranjeros que supuestamente llegaban a las islas para hacer turismo\u00bb, detall\u00f3 el comunicado.<\/span><\/p>\n<p><span class=\"text1noticias\"> <\/span><\/p>\n<p><span class=\"text1noticias\">Agreg\u00f3 que se tratar\u00eda del segundo env\u00edo que pretend\u00eda hacer el detenido, de quien se desconoce su identidad.<\/span><\/p>\n<p><span class=\"text1noticias\"> <\/span><\/p>\n<p><span class=\"text1noticias\">Seg\u00fan el ministerio de Ambiente, el extranjero tiene antecedentes penales por tr\u00e1fico de vida silvestre y estuvo preso 18 semanas en 2010 en Nueva Zelanda por recolectar ilegalmente reptiles propios de ese pa\u00eds.<\/span><\/p>\n<p><span class=\"text1noticias\"> <\/span><\/p>\n<p><span class=\"text1noticias\">El archipi\u00e9lago de Gal\u00e1pagos fue declarado en 1978 Patrimonio de la Humanidad por la  Organizaci\u00f3n de las Naciones Unidas para la Educaci\u00f3n, la Ciencia y la Cultura (Unesco) ya que alberga a una variedad de especies end\u00e9micas, as\u00ed como fauna y flora silvestre \u00fanica en el mundo.<\/span><\/p>\n<p><span class=\"text1noticias\"> <\/span><\/p>\n<p><span class=\"text1noticias\">En Ecuador, el tr\u00e1fico de vida silvestre es la tercera actividad il\u00edcita m\u00e1s rentable a nivel mundial, despu\u00e9s del tr\u00e1fico de drogas y de armas, y est\u00e1 castigado con penas de prisi\u00f3n de uno a t<\/span>res a\u00f1os.<\/p>\n<h6> 2015-09-07 12:40:47 <\/h6>\n<p><!--\n<link rel=\"stylesheet\" href=\"css\/bootstrap.min.css\">\n\n\n<ul class=\"pagination\">\n\t    \n\t\n\n<li >\n\t<a href='?page_no=22881'>Previous<\/a>\n\t<\/li>\n\n\n       \n    \n\n<li><a href='?page_no=1'>1<\/a><\/li>\n\n\n\n<li><a href='?page_no=2'>2<\/a><\/li>\n\n\n\n<li><a>...<\/a><\/li>\n\n\n\n<li><a href='?page_no=22880'>22880<\/a><\/li>\n\n\n\n<li><a href='?page_no=22881'>22881<\/a><\/li>\n\n\n\n<li class='active'><a>22882<\/a><\/li>\n\n\n\n<li><a href='?page_no=22883'>22883<\/a><\/li>\n\n\n\n<li><a href='?page_no=22884'>22884<\/a><\/li>\n\n\n\n<li><a>...<\/a><\/li>\n\n\n\n<li><a href='?page_no=51012'>51012<\/a><\/li>\n\n\n\n<li><a href='?page_no=51013'>51013<\/a><\/li>\n\n    \n\t\n\n<li >\n\t<a href='?page_no=22883'>Next<\/a>\n\t<\/li>\n\n\n    \n\n<li><a href='?page_no=51013'>Last &rsaquo;&rsaquo;<\/a><\/li>\n\n<\/ul>\n\n\n--><br \/>\n<\/body><\/p>\n","protected":false},"excerpt":{"rendered":"<p>La detenci\u00f3n se produjo la v\u00edspera cuando pretend\u00eda sacar las iguanas, entre marinas y terrestres, desde la Isla Santa Cruz, segunda m\u00e1s grande del Archipi\u00e9lago, situado 972 kil\u00f3metros al oeste de la costa continental de Ecuador. El ministerio de Ambiente indic\u00f3 en un comunicado que la captura del extranjero se dio gracias a un trabajo [&hellip;]<\/p>\n","protected":false},"author":3,"featured_media":0,"comment_status":"open","ping_status":"open","sticky":false,"template":"","format":"standard","meta":{"footnotes":""},"categories":[23],"tags":[],"class_list":["post-253237","post","type-post","status-publish","format-standard","hentry","category-internacional"],"_links":{"self":[{"href":"https:\/\/diariodominicano.com\/index.php?rest_route=\/wp\/v2\/posts\/253237","targetHints":{"allow":["GET"]}}],"collection":[{"href":"https:\/\/diariodominicano.com\/index.php?rest_route=\/wp\/v2\/posts"}],"about":[{"href":"https:\/\/diariodominicano.com\/index.php?rest_route=\/wp\/v2\/types\/post"}],"author":[{"embeddable":true,"href":"https:\/\/diariodominicano.com\/index.php?rest_route=\/wp\/v2\/users\/3"}],"replies":[{"embeddable":true,"href":"https:\/\/diariodominicano.com\/index.php?rest_route=%2Fwp%2Fv2%2Fcomments&post=253237"}],"version-history":[{"count":0,"href":"https:\/\/diariodominicano.com\/index.php?rest_route=\/wp\/v2\/posts\/253237\/revisions"}],"wp:attachment":[{"href":"https:\/\/diariodominicano.com\/index.php?rest_route=%2Fwp%2Fv2%2Fmedia&parent=253237"}],"wp:term":[{"taxonomy":"category","embeddable":true,"href":"https:\/\/diariodominicano.com\/index.php?rest_route=%2Fwp%2Fv2%2Fcategories&post=253237"},{"taxonomy":"post_tag","embeddable":true,"href":"https:\/\/diariodominicano.com\/index.php?rest_route=%2Fwp%2Fv2%2Ftags&post=253237"}],"curies":[{"name":"wp","href":"https:\/\/api.w.org\/{rel}","templated":true}]}}