{"id":253235,"date":"2015-09-07T17:32:38","date_gmt":"2015-09-07T17:32:38","guid":{"rendered":"http:\/\/diariodominicano.ddns.net\/?p=253235"},"modified":"2015-09-07T17:32:38","modified_gmt":"2015-09-07T17:32:38","slug":"presidente-de-guatemala-lamenta-incidentes-en-elecciones-generales","status":"publish","type":"post","link":"https:\/\/diariodominicano.com\/?p=253235","title":{"rendered":"Presidente de Guatemala lamenta incidentes en elecciones generales"},"content":{"rendered":"<p><body><\/p>\n<p><img decoding=\"async\" src=\"img3\/maldonado.jpg\" \/>  <\/p>\n<p><span class=\"text1noticias\">Guatemala, 7 sep (PL) El presidente de Guatemala, Alejandro Maldonado, lament\u00f3 mediante un comunicado, los actos de violencia cometidos en varios lugares a ra\u00edz de las elecciones generales celebradas el domingo en medio de una profunda crisis pol\u00edtica.<\/span><\/p>\n<\/p>\n<p><span class=\"text1noticias\">En la nota oficial, divulgada el lunes, el mandatario aludi\u00f3 sin precisar m\u00e1s detalles a grupos e individuos que rebasaron los c\u00e1nones de la ley, que deben ser los \u00fanicos para impugnar cualquier disconformidad con los resultados de las mesas.<\/span><\/p>\n<\/p>\n<p><span class=\"text1noticias\">\u00abA estas personas, especialmente a los promotores de actos vand\u00e1licos, deber\u00e1n someterlos a la sanci\u00f3n penal que corresponde, luego de los tr\u00e1mites correspondientes\u00bb, exhort\u00f3 Maldonado, quien asumi\u00f3 el jueves pasado por Otto P\u00e9rez Molina, quien dimiti\u00f3 tras perder la inmunidad en el Congreso.<\/span><\/p>\n<\/p>\n<p><span class=\"text1noticias\">P\u00e9rez Molina, quien guarda prisi\u00f3n provisional en la c\u00e1rcel del capitalino cuartel de Matamoros, ma\u00f1ana acudir\u00e1 por tercera vez a la audiencia de primera declaraci\u00f3n, en la cual el juez Miguel \u00c1ngel G\u00e1lvez decidir\u00e1 si lo liga a proceso por presuntamente dirigir una red criminal.<\/span><\/p>\n<\/p>\n<p><span class=\"text1noticias\">Al menos en 10 comunidades guatemaltecas se registraron hechos violentos a ra\u00edz de la inconformidad con los resultados electorales, seg\u00fan un reporte de Prensa Libre, diario local con corresponsales en el interior del pa\u00eds centroamericano.<\/span><\/p>\n<\/p>\n<p><span class=\"text1noticias\">Ese rotativo registr\u00f3 incidentes en Siquinal\u00e1, El J\u00edcaro, Santa Catarina Mita, Conguaco, San Pedro Necta, San Miguel Acat\u00e1n, Colomba, Chicam\u00e1n, Joybay y Patz\u00fan, distribuidos por los cuatro puntos cardinales de la naci\u00f3n.<\/span><\/p>\n<\/p>\n<p><span class=\"text1noticias\">Entre los sucesos figuran quema del edificio de la comuna, enfrentamientos armados con saldo de polic\u00edas heridos, quema de llantas y retenci\u00f3n de integrantes de mesas electorales, aparte de protestas para expresar descontento con las autoridades electas en las alcald\u00edas.<\/span><\/p>\n<\/p>\n<p><span class=\"text1noticias\">Un total de 34 mil 350 agentes de Polic\u00eda Nacional Civil fueron desplegados en el territorio nacional: ocho mil en el departamento de Guatemala, al cual pertenece esta capital, y 26 mil en el interior, indic\u00f3 ayer a la prensa el viceministro de Gobernaci\u00f3n (Interior), Elmer Sosa.<\/span><\/p>\n<\/p>\n<p><span class=\"text1noticias\">M\u00e1s de 5,3 millones de guatemaltecos acudieron el domingo a las urnas para elegir a un nuevo binomio presidencial, 158 diputados al Congreso, 20 legisladores al Parlamento Centroamericano y los integrantes de las 338 alcald\u00edas.<\/span><\/p>\n<\/p>\n<p><span class=\"text1noticias\">Los presidenciables del Frente de Convergencia Nacional, Jimmy Morales, y Sandra Torres, de la Unidad Nacional de la Esperanza, marchan en los dos primeros lugares, con grandes probabilidades de rivalizar en una segunda ronda el 25 de octubre.<\/span><\/p>\n<\/p>\n<p><span class=\"text1noticias\">Morales obtuvo el respaldo de un mill\u00f3n 156 mil 721 votos (23,95 por ciento), muy por encima de los 947 mil 606 alcanzados por Torres (19,62) y Manuel Baldiz\u00f3n, de Lider con 945 mil 286 sufragios (19,57).<\/span><\/p>\n<\/p>\n<p><span class=\"text1noticias\">Sin embargo, es la primera vez que el segundo y tercer lugar quedan tan pr\u00f3ximos, mientras a\u00fan falta por escrutar las actas de 449 mesas electorales, el 2,29 por ciento respecto al tota<\/span>l.<\/p>\n<h6> 2015-09-07 17:32:38 <\/h6>\n<p><!--\n<link rel=\"stylesheet\" href=\"css\/bootstrap.min.css\">\n\n\n<ul class=\"pagination\">\n\t    \n\t\n\n<li >\n\t<a href='?page_no=22879'>Previous<\/a>\n\t<\/li>\n\n\n       \n    \n\n<li><a href='?page_no=1'>1<\/a><\/li>\n\n\n\n<li><a href='?page_no=2'>2<\/a><\/li>\n\n\n\n<li><a>...<\/a><\/li>\n\n\n\n<li><a href='?page_no=22878'>22878<\/a><\/li>\n\n\n\n<li><a href='?page_no=22879'>22879<\/a><\/li>\n\n\n\n<li class='active'><a>22880<\/a><\/li>\n\n\n\n<li><a href='?page_no=22881'>22881<\/a><\/li>\n\n\n\n<li><a href='?page_no=22882'>22882<\/a><\/li>\n\n\n\n<li><a>...<\/a><\/li>\n\n\n\n<li><a href='?page_no=51012'>51012<\/a><\/li>\n\n\n\n<li><a href='?page_no=51013'>51013<\/a><\/li>\n\n    \n\t\n\n<li >\n\t<a href='?page_no=22881'>Next<\/a>\n\t<\/li>\n\n\n    \n\n<li><a href='?page_no=51013'>Last &rsaquo;&rsaquo;<\/a><\/li>\n\n<\/ul>\n\n\n--><br \/>\n<\/body><\/p>\n","protected":false},"excerpt":{"rendered":"<p>Guatemala, 7 sep (PL) El presidente de Guatemala, Alejandro Maldonado, lament\u00f3 mediante un comunicado, los actos de violencia cometidos en varios lugares a ra\u00edz de las elecciones generales celebradas el domingo en medio de una profunda crisis pol\u00edtica. En la nota oficial, divulgada el lunes, el mandatario aludi\u00f3 sin precisar m\u00e1s detalles a grupos e [&hellip;]<\/p>\n","protected":false},"author":3,"featured_media":0,"comment_status":"open","ping_status":"open","sticky":false,"template":"","format":"standard","meta":{"footnotes":""},"categories":[23],"tags":[],"class_list":["post-253235","post","type-post","status-publish","format-standard","hentry","category-internacional"],"_links":{"self":[{"href":"https:\/\/diariodominicano.com\/index.php?rest_route=\/wp\/v2\/posts\/253235","targetHints":{"allow":["GET"]}}],"collection":[{"href":"https:\/\/diariodominicano.com\/index.php?rest_route=\/wp\/v2\/posts"}],"about":[{"href":"https:\/\/diariodominicano.com\/index.php?rest_route=\/wp\/v2\/types\/post"}],"author":[{"embeddable":true,"href":"https:\/\/diariodominicano.com\/index.php?rest_route=\/wp\/v2\/users\/3"}],"replies":[{"embeddable":true,"href":"https:\/\/diariodominicano.com\/index.php?rest_route=%2Fwp%2Fv2%2Fcomments&post=253235"}],"version-history":[{"count":0,"href":"https:\/\/diariodominicano.com\/index.php?rest_route=\/wp\/v2\/posts\/253235\/revisions"}],"wp:attachment":[{"href":"https:\/\/diariodominicano.com\/index.php?rest_route=%2Fwp%2Fv2%2Fmedia&parent=253235"}],"wp:term":[{"taxonomy":"category","embeddable":true,"href":"https:\/\/diariodominicano.com\/index.php?rest_route=%2Fwp%2Fv2%2Fcategories&post=253235"},{"taxonomy":"post_tag","embeddable":true,"href":"https:\/\/diariodominicano.com\/index.php?rest_route=%2Fwp%2Fv2%2Ftags&post=253235"}],"curies":[{"name":"wp","href":"https:\/\/api.w.org\/{rel}","templated":true}]}}