{"id":253233,"date":"2015-09-07T22:21:44","date_gmt":"2015-09-07T22:21:44","guid":{"rendered":"http:\/\/diariodominicano.ddns.net\/?p=253233"},"modified":"2015-09-07T22:21:44","modified_gmt":"2015-09-07T22:21:44","slug":"irlanda-puede-aceptar-5-000-refugiados","status":"publish","type":"post","link":"https:\/\/diariodominicano.com\/?p=253233","title":{"rendered":"Irlanda puede aceptar 5.000 refugiados"},"content":{"rendered":"<p><body><\/p>\n<p><img decoding=\"async\" src=\"img3\/Joan6.jpg\" \/>  <\/p>\n<p><span class=\"text1noticias\">DUBLIN, 7 sep (Xinhua) &#8212; La viceprimera ministra de Irlanda, Joan Burton, dijo que su pa\u00eds puede aceptar, con el tiempo, hasta 5.000 refugiados, indic\u00f3 hoy la radiodifusora estatal RTE.<\/span><\/p>\n<p><span class=\"text1noticias\"> <\/span><\/p>\n<p><span class=\"text1noticias\">RTE cit\u00f3 a la l\u00edder del Partido Laborista, quien se\u00f1al\u00f3 que la cifra no ser\u00e1 reducida y que Irlanda tiene que impulsar una soluci\u00f3n pac\u00edfica en Siria en la Asamblea General de la ONU.<\/span><\/p>\n<p><span class=\"text1noticias\"> <\/span><\/p>\n<p><span class=\"text1noticias\">La semana pasada, el presidente irland\u00e9s Michael D. Higgins exhort\u00f3 a la poblaci\u00f3n local a no tener miedo a la afluencia de refugiados.<\/span><\/p>\n<p><span class=\"text1noticias\"> <\/span><\/p>\n<p><span class=\"text1noticias\">Higgins dijo que los pa\u00edses de la Uni\u00f3n Europea (UE) van a tener que conversar sobre el n\u00famero de refugiados que aceptar\u00e1n y agreg\u00f3 que muy probablemente ser\u00e1 dos o tres veces mayor que la originalmente sugerida.<\/span><\/p>\n<p><span class=\"text1noticias\"> <\/span><\/p>\n<p><span class=\"text1noticias\">Se espera que la Comisi\u00f3n Europea d\u00e9 a conocer una nueva propuesta esta semana para reubicar a otros 120.000 refugiados en la UE. Esto, adem\u00e1s de los 32.000 migrantes que la UE acord\u00f3 aceptar en junio.<\/span><\/p>\n<p><span class=\"text1noticias\"> <\/span><\/p>\n<p><span class=\"text1noticias\">La semana pasada, la ministra de Justicia de Irlanda, Frances Fitzgerald, dijo que Irlanda podr\u00eda admitir a cerca de 1.800 refugiados. Hasta el momento el pa\u00eds ha aceptado recibir a<\/span> 600.<\/p>\n<h6> 2015-09-07 22:21:44 <\/h6>\n<p><!--\n<link rel=\"stylesheet\" href=\"css\/bootstrap.min.css\">\n\n\n<ul class=\"pagination\">\n\t    \n\t\n\n<li >\n\t<a href='?page_no=22877'>Previous<\/a>\n\t<\/li>\n\n\n       \n    \n\n<li><a href='?page_no=1'>1<\/a><\/li>\n\n\n\n<li><a href='?page_no=2'>2<\/a><\/li>\n\n\n\n<li><a>...<\/a><\/li>\n\n\n\n<li><a href='?page_no=22876'>22876<\/a><\/li>\n\n\n\n<li><a href='?page_no=22877'>22877<\/a><\/li>\n\n\n\n<li class='active'><a>22878<\/a><\/li>\n\n\n\n<li><a href='?page_no=22879'>22879<\/a><\/li>\n\n\n\n<li><a href='?page_no=22880'>22880<\/a><\/li>\n\n\n\n<li><a>...<\/a><\/li>\n\n\n\n<li><a href='?page_no=51012'>51012<\/a><\/li>\n\n\n\n<li><a href='?page_no=51013'>51013<\/a><\/li>\n\n    \n\t\n\n<li >\n\t<a href='?page_no=22879'>Next<\/a>\n\t<\/li>\n\n\n    \n\n<li><a href='?page_no=51013'>Last &rsaquo;&rsaquo;<\/a><\/li>\n\n<\/ul>\n\n\n--><br \/>\n<\/body><\/p>\n","protected":false},"excerpt":{"rendered":"<p>DUBLIN, 7 sep (Xinhua) &#8212; La viceprimera ministra de Irlanda, Joan Burton, dijo que su pa\u00eds puede aceptar, con el tiempo, hasta 5.000 refugiados, indic\u00f3 hoy la radiodifusora estatal RTE. RTE cit\u00f3 a la l\u00edder del Partido Laborista, quien se\u00f1al\u00f3 que la cifra no ser\u00e1 reducida y que Irlanda tiene que impulsar una soluci\u00f3n pac\u00edfica [&hellip;]<\/p>\n","protected":false},"author":3,"featured_media":0,"comment_status":"open","ping_status":"open","sticky":false,"template":"","format":"standard","meta":{"footnotes":""},"categories":[23],"tags":[],"class_list":["post-253233","post","type-post","status-publish","format-standard","hentry","category-internacional"],"_links":{"self":[{"href":"https:\/\/diariodominicano.com\/index.php?rest_route=\/wp\/v2\/posts\/253233","targetHints":{"allow":["GET"]}}],"collection":[{"href":"https:\/\/diariodominicano.com\/index.php?rest_route=\/wp\/v2\/posts"}],"about":[{"href":"https:\/\/diariodominicano.com\/index.php?rest_route=\/wp\/v2\/types\/post"}],"author":[{"embeddable":true,"href":"https:\/\/diariodominicano.com\/index.php?rest_route=\/wp\/v2\/users\/3"}],"replies":[{"embeddable":true,"href":"https:\/\/diariodominicano.com\/index.php?rest_route=%2Fwp%2Fv2%2Fcomments&post=253233"}],"version-history":[{"count":0,"href":"https:\/\/diariodominicano.com\/index.php?rest_route=\/wp\/v2\/posts\/253233\/revisions"}],"wp:attachment":[{"href":"https:\/\/diariodominicano.com\/index.php?rest_route=%2Fwp%2Fv2%2Fmedia&parent=253233"}],"wp:term":[{"taxonomy":"category","embeddable":true,"href":"https:\/\/diariodominicano.com\/index.php?rest_route=%2Fwp%2Fv2%2Fcategories&post=253233"},{"taxonomy":"post_tag","embeddable":true,"href":"https:\/\/diariodominicano.com\/index.php?rest_route=%2Fwp%2Fv2%2Ftags&post=253233"}],"curies":[{"name":"wp","href":"https:\/\/api.w.org\/{rel}","templated":true}]}}