{"id":253216,"date":"2015-09-09T13:38:35","date_gmt":"2015-09-09T13:38:35","guid":{"rendered":"http:\/\/diariodominicano.ddns.net\/?p=253216"},"modified":"2015-09-09T13:38:35","modified_gmt":"2015-09-09T13:38:35","slug":"iran-apuesta-por-lazos-fuertes-con-austria-a-pesar-de-diferencias","status":"publish","type":"post","link":"https:\/\/diariodominicano.com\/?p=253216","title":{"rendered":"&#13;Ir\u00e1n apuesta por lazos fuertes con Austria, a pesar de diferencias"},"content":{"rendered":"<p><body><\/p>\n<p><img decoding=\"async\" src=\"img3\/iran_alikhamenei_heinzfisch.jpg\" \/>  <\/p>\n<p><span class=\"text1noticias\">\t <\/span><\/p>\n<p><span class=\"text1noticias\">  <\/span><\/p>\n<p><span class=\"text1noticias\">Teher\u00e1n, 9 sep (PL) Ir\u00e1n y Austria firmaron 15 memorandos de entendimiento encaminados a expandir las relaciones comerciales, econ\u00f3micas y la inversi\u00f3n bilateral, mientras la dirigencia del pa\u00eds persa ratific\u00f3 hoy sus cr\u00edticas a la subordinaci\u00f3n europea a Estados Unidos.<\/span><\/p>\n<\/p>\n<p><span class=\"text1noticias\">El l\u00edder supremo de la Revoluci\u00f3n, ayatolah Al\u00ed Khamenei, recibi\u00f3 al presidente austr\u00edaco, Heinz Fischer, y fustig\u00f3 la postura de algunos pa\u00edses de la Uni\u00f3n Europea (UE) que \u00abobedecen il\u00f3gicamente a Estados Unidos en su enfoque hostil hacia Ir\u00e1n\u00bb.<\/span><\/p>\n<\/p>\n<p><span class=\"text1noticias\">Khamenei excluy\u00f3 a Austria de esas naciones que \u00abno muestran obediencia ciega a las pol\u00edticas de Washington\u00bb, y a una pregunta del mandatario se\u00f1al\u00f3 que hubo conversaciones con gobiernos de la UE para reanudar las relaciones, pero \u00abhay que esperar y ver la naturaleza pr\u00e1ctica de tales pl\u00e1ticas\u00bb.<\/span><\/p>\n<\/p>\n<p><span class=\"text1noticias\">La visita oficial del presidente austr\u00edaco, Heins Fischer, imprimi\u00f3 mayor dinamismo a nexos bilaterales que -seg\u00fan \u00e9l mismo record\u00f3- datan de hace unos 140 a\u00f1os, e incluso estimul\u00f3 un di\u00e1logo pol\u00edtico franco y abierto con el mandatario Hassan Rouhani y el jefe del parlamento, Al\u00ed Larijani.<\/span><\/p>\n<\/p>\n<p><span class=\"text1noticias\">En el tercer y \u00faltimo d\u00eda de estancia aqu\u00ed de Fischer, el primer jefe de Estado europeo que visita Ir\u00e1n tras la firma en julio pasado en Viena del acuerdo nuclear con seis potencias mundiales, representantes de ambos pa\u00edses alabaron las perspectivas de intercambio y apostaron por robustecerlas.<\/span><\/p>\n<\/p>\n<p><span class=\"text1noticias\">El jefe de la C\u00e1mara de Comercio iran\u00ed, Mohsen Jalalpour, destac\u00f3 que la r\u00fabrica de 15 memorandos en diferentes esferas y por valor de unos 80 millones de euros fue el colof\u00f3n a los contactos en Teher\u00e1n con empresarios de unas 230 compa\u00f1\u00edas austr\u00edacas que viajaron con el presidente.<\/span><\/p>\n<\/p>\n<p><span class=\"text1noticias\">Durante las pl\u00e1ticas oficiales con el visitante, Rouhani se\u00f1al\u00f3 que la cooperaci\u00f3n econ\u00f3mica es el factor m\u00e1s importante para consolidar la confianza y que lazos culturales, pol\u00edticos y econ\u00f3micos m\u00e1s fuertes ayudar\u00e1n a garantizar las bases del pacto nuclear suscrito en Viena.<\/span><\/p>\n<\/p>\n<p><span class=\"text1noticias\">Hay abundantes oportunidades de inversi\u00f3n en Ir\u00e1n en las \u00e1reas de energ\u00eda, carreteras, ferrocarriles, banca, seguros, turismo, investigaci\u00f3n y tecnolog\u00eda, desarrollo de los puertos del sur del pa\u00eds y los corredores que enlazan aguas meridionales y Asia Central, puntualiz\u00f3.<\/span><\/p>\n<\/p>\n<p><span class=\"text1noticias\">Al respecto, consider\u00f3 necesario extender las instalaciones aeroportuarias y flexibilizar la emisi\u00f3n de visados para poder ampliar las relaciones entre empresarios de los sectores privados y estatales, y contribuir a estimular el comercio y las inversiones conjuntas.<\/span><\/p>\n<\/p>\n<p><span class=\"text1noticias\">Fischer, por su lado, asever\u00f3 que su coalici\u00f3n de gobierno y los principales partidos pol\u00edticos austr\u00edacos tienen absoluto consenso sobre la pol\u00edtica de abrir y expandir los v\u00ednculos con Ir\u00e1n, al que se prev\u00e9 trasmitir experiencias de la naci\u00f3n europea en el uso de nuevas energ\u00edas.<\/span><\/p>\n<\/p>\n<p><span class=\"text1noticias\">Para el presidente de la C\u00e1mara Econ\u00f3mica Federal Austriaca, Christoph Little, hay esperanzas de quintuplicar el volumen del intercambio en el futuro pr\u00f3ximo, sobre todo en energ\u00edas renovables, desarrollo de infraestructuras, construcci\u00f3n de inmuebles, ferrocarril, salud y turismo.<\/span><\/p>\n<h6> 2015-09-09 13:38:35 <\/h6>\n<p><!--\n<link rel=\"stylesheet\" href=\"css\/bootstrap.min.css\">\n\n\n<ul class=\"pagination\">\n\t    \n\t\n\n<li >\n\t<a href='?page_no=22860'>Previous<\/a>\n\t<\/li>\n\n\n       \n    \n\n<li><a href='?page_no=1'>1<\/a><\/li>\n\n\n\n<li><a href='?page_no=2'>2<\/a><\/li>\n\n\n\n<li><a>...<\/a><\/li>\n\n\n\n<li><a href='?page_no=22859'>22859<\/a><\/li>\n\n\n\n<li><a href='?page_no=22860'>22860<\/a><\/li>\n\n\n\n<li class='active'><a>22861<\/a><\/li>\n\n\n\n<li><a href='?page_no=22862'>22862<\/a><\/li>\n\n\n\n<li><a href='?page_no=22863'>22863<\/a><\/li>\n\n\n\n<li><a>...<\/a><\/li>\n\n\n\n<li><a href='?page_no=51012'>51012<\/a><\/li>\n\n\n\n<li><a href='?page_no=51013'>51013<\/a><\/li>\n\n    \n\t\n\n<li >\n\t<a href='?page_no=22862'>Next<\/a>\n\t<\/li>\n\n\n    \n\n<li><a href='?page_no=51013'>Last &rsaquo;&rsaquo;<\/a><\/li>\n\n<\/ul>\n\n\n--><br \/>\n<\/body><\/p>\n","protected":false},"excerpt":{"rendered":"<p>Teher\u00e1n, 9 sep (PL) Ir\u00e1n y Austria firmaron 15 memorandos de entendimiento encaminados a expandir las relaciones comerciales, econ\u00f3micas y la inversi\u00f3n bilateral, mientras la dirigencia del pa\u00eds persa ratific\u00f3 hoy sus cr\u00edticas a la subordinaci\u00f3n europea a Estados Unidos. El l\u00edder supremo de la Revoluci\u00f3n, ayatolah Al\u00ed Khamenei, recibi\u00f3 al presidente austr\u00edaco, Heinz Fischer, [&hellip;]<\/p>\n","protected":false},"author":3,"featured_media":0,"comment_status":"open","ping_status":"open","sticky":false,"template":"","format":"standard","meta":{"footnotes":""},"categories":[23],"tags":[],"class_list":["post-253216","post","type-post","status-publish","format-standard","hentry","category-internacional"],"_links":{"self":[{"href":"https:\/\/diariodominicano.com\/index.php?rest_route=\/wp\/v2\/posts\/253216","targetHints":{"allow":["GET"]}}],"collection":[{"href":"https:\/\/diariodominicano.com\/index.php?rest_route=\/wp\/v2\/posts"}],"about":[{"href":"https:\/\/diariodominicano.com\/index.php?rest_route=\/wp\/v2\/types\/post"}],"author":[{"embeddable":true,"href":"https:\/\/diariodominicano.com\/index.php?rest_route=\/wp\/v2\/users\/3"}],"replies":[{"embeddable":true,"href":"https:\/\/diariodominicano.com\/index.php?rest_route=%2Fwp%2Fv2%2Fcomments&post=253216"}],"version-history":[{"count":0,"href":"https:\/\/diariodominicano.com\/index.php?rest_route=\/wp\/v2\/posts\/253216\/revisions"}],"wp:attachment":[{"href":"https:\/\/diariodominicano.com\/index.php?rest_route=%2Fwp%2Fv2%2Fmedia&parent=253216"}],"wp:term":[{"taxonomy":"category","embeddable":true,"href":"https:\/\/diariodominicano.com\/index.php?rest_route=%2Fwp%2Fv2%2Fcategories&post=253216"},{"taxonomy":"post_tag","embeddable":true,"href":"https:\/\/diariodominicano.com\/index.php?rest_route=%2Fwp%2Fv2%2Ftags&post=253216"}],"curies":[{"name":"wp","href":"https:\/\/api.w.org\/{rel}","templated":true}]}}