{"id":253208,"date":"2015-09-10T13:27:24","date_gmt":"2015-09-10T13:27:24","guid":{"rendered":"http:\/\/diariodominicano.ddns.net\/?p=253208"},"modified":"2015-09-10T13:27:24","modified_gmt":"2015-09-10T13:27:24","slug":"en-huelga-cuatro-mil-guardias-del-sistema-penitenciario-de-guatemala","status":"publish","type":"post","link":"https:\/\/diariodominicano.com\/?p=253208","title":{"rendered":"&#13;En huelga cuatro mil guardias del sistema penitenciario de Guatemala"},"content":{"rendered":"<p><body><\/p>\n<\/p>\n<p>Guatemala, 10 sep (PL) Al menos cuatro mil guardias del Sistema Penitenciario (SP) de las 22 prisiones guatemaltecas se declararon hoy en huelga para exigir mejoras salariales, pues cobran menos del m\u00ednimo de mil 500 quetzales (192 d\u00f3lares).<\/p>\n<\/p>\n<p>Los custodios denunciaron que tienen un sueldo de mil 400 quetzales (179 d\u00f3lares), mientras que guardias de la c\u00e1rcel de Santa Teresa, donde est\u00e1 detenida la exvicepresidenta Roxana Baldetti, protestaron por privilegios para las reclusas, report\u00f3 el diario local Prensa Libre.<\/p>\n<\/p>\n<p>Ayer el director general del SP autoriz\u00f3 el ingreso de televisores y otros electrodom\u00e9sticos para las presas, \u00e9l nos trata mal, nos amenaz\u00f3 y dijo que si denunci\u00e1bamos nos dar\u00e1n baja, declar\u00f3 una de las encapuchadas, citada por el cotidiano en su versi\u00f3n digital.<\/p>\n<\/p>\n<p>La protesta comenz\u00f3 en el preventivo de hombres de la zona 18 capitalina, y se extendi\u00f3 a todas las c\u00e1rceles del pa\u00eds centroamericano, seg\u00fan confirmaron los huelguistas que cubrieron sus rostros con pasamonta\u00f1as para hablar con periodistas.<\/p>\n<\/p>\n<p>El paro se realiza dos meses despu\u00e9s de otro en el que tambi\u00e9n se solicit\u00f3 un aumento salarial.<\/p>\n<\/p>\n<p>Seg\u00fan el viceministro de Gobernaci\u00f3n (Interior) Elmer Sosa, durante ese lapso se llevaron a cabo de tres a cuatro reuniones, en las cuales se les inform\u00f3 a los elementos sobre los avances del tr\u00e1mite para realizar el pago.<\/p>\n<\/p>\n<p>La situaci\u00f3n tiene lugar en medio una crisis pol\u00edtica generada desde abril \u00faltimo, cuando se conoci\u00f3 el primero de m\u00e1s de 10 casos de corrupci\u00f3n, en los cuales est\u00e1n implicados altos funcionarios, diputados, empresarios, alcaldes y particulares.<\/p>\n<\/p>\n<p>Uno de los m\u00e1s sonados fue el de La L\u00ednea, estructura de defraudaci\u00f3n aduanera encabezada presuntamente por los exgobernantes Otto P\u00e9rez Molina y Baldetti, ambos ligados a proceso y en prisi\u00f3n preventiva.<\/p>\n<\/p>\n<p>P\u00e9rez Molina fue reemplazado hace una semana por el presidente interino Alejandro Maldonado, quien declar\u00f3 que recibi\u00f3 las arcas del Estado con pocos fondos.<\/p>\n<\/p>\n<p>No obstante, la Contralor\u00eda General de Cuentas pr\u00f3ximamente ofrecer\u00e1 los resultados de una auditor\u00eda.<\/p>\n<\/p>\n<p>El Congreso seleccionar\u00e1 hoy mismo al nuevo vicepresidente, tras evaluar los perfiles del abogado Gabriel Medrano, el acad\u00e9mico Juan Alfonso Fuentes y la economista Raquel Zelaya, propuestos por Maldonado.<\/p>\n<h6> 2015-09-10 13:27:24 <\/h6>\n<p><!--\n<link rel=\"stylesheet\" href=\"css\/bootstrap.min.css\">\n\n\n<ul class=\"pagination\">\n\t    \n\t\n\n<li >\n\t<a href='?page_no=22852'>Previous<\/a>\n\t<\/li>\n\n\n       \n    \n\n<li><a href='?page_no=1'>1<\/a><\/li>\n\n\n\n<li><a href='?page_no=2'>2<\/a><\/li>\n\n\n\n<li><a>...<\/a><\/li>\n\n\n\n<li><a href='?page_no=22851'>22851<\/a><\/li>\n\n\n\n<li><a href='?page_no=22852'>22852<\/a><\/li>\n\n\n\n<li class='active'><a>22853<\/a><\/li>\n\n\n\n<li><a href='?page_no=22854'>22854<\/a><\/li>\n\n\n\n<li><a href='?page_no=22855'>22855<\/a><\/li>\n\n\n\n<li><a>...<\/a><\/li>\n\n\n\n<li><a href='?page_no=51012'>51012<\/a><\/li>\n\n\n\n<li><a href='?page_no=51013'>51013<\/a><\/li>\n\n    \n\t\n\n<li >\n\t<a href='?page_no=22854'>Next<\/a>\n\t<\/li>\n\n\n    \n\n<li><a href='?page_no=51013'>Last &rsaquo;&rsaquo;<\/a><\/li>\n\n<\/ul>\n\n\n--><br \/>\n<\/body><\/p>\n","protected":false},"excerpt":{"rendered":"<p>Guatemala, 10 sep (PL) Al menos cuatro mil guardias del Sistema Penitenciario (SP) de las 22 prisiones guatemaltecas se declararon hoy en huelga para exigir mejoras salariales, pues cobran menos del m\u00ednimo de mil 500 quetzales (192 d\u00f3lares). Los custodios denunciaron que tienen un sueldo de mil 400 quetzales (179 d\u00f3lares), mientras que guardias de [&hellip;]<\/p>\n","protected":false},"author":3,"featured_media":0,"comment_status":"open","ping_status":"open","sticky":false,"template":"","format":"standard","meta":{"footnotes":""},"categories":[23],"tags":[],"class_list":["post-253208","post","type-post","status-publish","format-standard","hentry","category-internacional"],"_links":{"self":[{"href":"https:\/\/diariodominicano.com\/index.php?rest_route=\/wp\/v2\/posts\/253208","targetHints":{"allow":["GET"]}}],"collection":[{"href":"https:\/\/diariodominicano.com\/index.php?rest_route=\/wp\/v2\/posts"}],"about":[{"href":"https:\/\/diariodominicano.com\/index.php?rest_route=\/wp\/v2\/types\/post"}],"author":[{"embeddable":true,"href":"https:\/\/diariodominicano.com\/index.php?rest_route=\/wp\/v2\/users\/3"}],"replies":[{"embeddable":true,"href":"https:\/\/diariodominicano.com\/index.php?rest_route=%2Fwp%2Fv2%2Fcomments&post=253208"}],"version-history":[{"count":0,"href":"https:\/\/diariodominicano.com\/index.php?rest_route=\/wp\/v2\/posts\/253208\/revisions"}],"wp:attachment":[{"href":"https:\/\/diariodominicano.com\/index.php?rest_route=%2Fwp%2Fv2%2Fmedia&parent=253208"}],"wp:term":[{"taxonomy":"category","embeddable":true,"href":"https:\/\/diariodominicano.com\/index.php?rest_route=%2Fwp%2Fv2%2Fcategories&post=253208"},{"taxonomy":"post_tag","embeddable":true,"href":"https:\/\/diariodominicano.com\/index.php?rest_route=%2Fwp%2Fv2%2Ftags&post=253208"}],"curies":[{"name":"wp","href":"https:\/\/api.w.org\/{rel}","templated":true}]}}