{"id":253179,"date":"2015-09-12T23:43:13","date_gmt":"2015-09-12T23:43:13","guid":{"rendered":"http:\/\/diariodominicano.ddns.net\/?p=253179"},"modified":"2015-09-12T23:43:13","modified_gmt":"2015-09-12T23:43:13","slug":"gabinete-de-egipto-presenta-dimision","status":"publish","type":"post","link":"https:\/\/diariodominicano.com\/?p=253179","title":{"rendered":"Gabinete de Egipto presenta dimisi\u00f3n"},"content":{"rendered":"<p><body><\/p>\n<p><span class=\"text1noticias\"> EL CAIRO, 12 sep (Xinhua) &#8212; El presidente de Egipto, Abdel-Fattah al Sisi, acept\u00f3 hoy la dimisi\u00f3n del gabinete a cargo del primer ministro Ibrahim Mehleb, seg\u00fan afirm\u00f3 la oficina presidencial en una declaraci\u00f3n.<\/span><\/p>\n<p><span class=\"text1noticias\"> <\/span><\/p>\n<p><span class=\"text1noticias\">El texto reza que Al Sisi recibi\u00f3 la carta de renuncia, junto con un informe detallado sobre el funcionamiento del gobierno en el reciente per\u00edodo.<\/span><\/p>\n<p><span class=\"text1noticias\"> <\/span><\/p>\n<p><span class=\"text1noticias\">El gabinete actuar\u00e1 como un Ejecutivo provisional hasta la creaci\u00f3n de un nuevo gobierno, a\u00f1ade la declaraci\u00f3n.<\/span><\/p>\n<p><span class=\"text1noticias\"> <\/span><\/p>\n<p><span class=\"text1noticias\">El mandatario egipcio ha pedido al saliente ministro de Petr\u00f3leo, Sherif Ismail, que establezca un nuevo gobierno en un plazo de una semana, inform\u00f3 la agencia oficial de noticias ME<\/span>NA.<\/p>\n<h6> 2015-09-12 23:43:13 <\/h6>\n<p><!--\n<link rel=\"stylesheet\" href=\"css\/bootstrap.min.css\">\n\n\n<ul class=\"pagination\">\n\t    \n\t\n\n<li >\n\t<a href='?page_no=22823'>Previous<\/a>\n\t<\/li>\n\n\n       \n    \n\n<li><a href='?page_no=1'>1<\/a><\/li>\n\n\n\n<li><a href='?page_no=2'>2<\/a><\/li>\n\n\n\n<li><a>...<\/a><\/li>\n\n\n\n<li><a href='?page_no=22822'>22822<\/a><\/li>\n\n\n\n<li><a href='?page_no=22823'>22823<\/a><\/li>\n\n\n\n<li class='active'><a>22824<\/a><\/li>\n\n\n\n<li><a href='?page_no=22825'>22825<\/a><\/li>\n\n\n\n<li><a href='?page_no=22826'>22826<\/a><\/li>\n\n\n\n<li><a>...<\/a><\/li>\n\n\n\n<li><a href='?page_no=51012'>51012<\/a><\/li>\n\n\n\n<li><a href='?page_no=51013'>51013<\/a><\/li>\n\n    \n\t\n\n<li >\n\t<a href='?page_no=22825'>Next<\/a>\n\t<\/li>\n\n\n    \n\n<li><a href='?page_no=51013'>Last &rsaquo;&rsaquo;<\/a><\/li>\n\n<\/ul>\n\n\n--><br \/>\n<\/body><\/p>\n","protected":false},"excerpt":{"rendered":"<p>EL CAIRO, 12 sep (Xinhua) &#8212; El presidente de Egipto, Abdel-Fattah al Sisi, acept\u00f3 hoy la dimisi\u00f3n del gabinete a cargo del primer ministro Ibrahim Mehleb, seg\u00fan afirm\u00f3 la oficina presidencial en una declaraci\u00f3n. El texto reza que Al Sisi recibi\u00f3 la carta de renuncia, junto con un informe detallado sobre el funcionamiento del gobierno [&hellip;]<\/p>\n","protected":false},"author":3,"featured_media":0,"comment_status":"open","ping_status":"open","sticky":false,"template":"","format":"standard","meta":{"footnotes":""},"categories":[23],"tags":[],"class_list":["post-253179","post","type-post","status-publish","format-standard","hentry","category-internacional"],"_links":{"self":[{"href":"https:\/\/diariodominicano.com\/index.php?rest_route=\/wp\/v2\/posts\/253179","targetHints":{"allow":["GET"]}}],"collection":[{"href":"https:\/\/diariodominicano.com\/index.php?rest_route=\/wp\/v2\/posts"}],"about":[{"href":"https:\/\/diariodominicano.com\/index.php?rest_route=\/wp\/v2\/types\/post"}],"author":[{"embeddable":true,"href":"https:\/\/diariodominicano.com\/index.php?rest_route=\/wp\/v2\/users\/3"}],"replies":[{"embeddable":true,"href":"https:\/\/diariodominicano.com\/index.php?rest_route=%2Fwp%2Fv2%2Fcomments&post=253179"}],"version-history":[{"count":0,"href":"https:\/\/diariodominicano.com\/index.php?rest_route=\/wp\/v2\/posts\/253179\/revisions"}],"wp:attachment":[{"href":"https:\/\/diariodominicano.com\/index.php?rest_route=%2Fwp%2Fv2%2Fmedia&parent=253179"}],"wp:term":[{"taxonomy":"category","embeddable":true,"href":"https:\/\/diariodominicano.com\/index.php?rest_route=%2Fwp%2Fv2%2Fcategories&post=253179"},{"taxonomy":"post_tag","embeddable":true,"href":"https:\/\/diariodominicano.com\/index.php?rest_route=%2Fwp%2Fv2%2Ftags&post=253179"}],"curies":[{"name":"wp","href":"https:\/\/api.w.org\/{rel}","templated":true}]}}