{"id":253177,"date":"2015-09-12T23:51:35","date_gmt":"2015-09-12T23:51:35","guid":{"rendered":"http:\/\/diariodominicano.ddns.net\/?p=253177"},"modified":"2015-09-12T23:51:35","modified_gmt":"2015-09-12T23:51:35","slug":"obama-mantiene-en-sus-manos-decisiones-sobre-cuba","status":"publish","type":"post","link":"https:\/\/diariodominicano.com\/?p=253177","title":{"rendered":"Obama mantiene en sus manos decisiones sobre Cuba"},"content":{"rendered":"<p><body><\/p>\n<p><img decoding=\"async\" src=\"img3\/bloqueo-cartel.jpg\" \/>  <\/p>\n<p><span class=\"text1noticias\">Washington, 12 sep (PL) El presidente Barack Obama mantuvo en sus manos el curso de la pol\u00edtica estadounidense hacia Cuba al renovar el viernes la Ley de Comercio con el Enemigo de 1917. (PLRadio)<\/span><\/p>\n<p><span class=\"text1noticias\"> <\/span><\/p>\n<p><span class=\"text1noticias\">Esa legislaci\u00f3n, aprobada por el Congreso Federal el 6 de octubre de aquel lejano a\u00f1o, le otorga al presidente la facultad para restringir el comercio con pa\u00edses \u00abhostiles\u00bb a Estados Unidos y la posibilidad de aplicar sanciones econ\u00f3micas en tiempo de guerra o en cualquier otro per\u00edodo de emergencia nacional, y proh\u00edbe el comercio con el enemigo o aliados del enemigo durante conflictos b\u00e9licos.<\/span><\/p>\n<p><span class=\"text1noticias\"> <\/span><\/p>\n<p><span class=\"text1noticias\">En virtud de esta ley, la m\u00e1s antigua de su tipo, se adoptaron las Regulaciones para el Control de Activos Cubanos en 1963, luego de que fuera declarado el bloqueo contra Cuba en 1962 por el entonces presidente John F. Kennedy.<\/span><\/p>\n<p><span class=\"text1noticias\"> <\/span><\/p>\n<p><span class=\"text1noticias\">La mayor de las Antillas es el \u00fanico pa\u00eds para el cual est\u00e1 vigente esta legislaci\u00f3n luego de que en 2008 fuera suspendida para Corea del Norte. Otros pa\u00edses como China y Vietnam tambi\u00e9n fueron objeto de la aplicaci\u00f3n de esta legislaci\u00f3n en el pasado.<\/span><\/p>\n<p><span class=\"text1noticias\"> <\/span><\/p>\n<p><span class=\"text1noticias\">Pese a que la Casa Blanca nunca declar\u00f3 una emergencia nacional con respecto a la naci\u00f3n caribe\u00f1a desde 1959, sucesivos presidentes estadounidenses prorrogaron la normativa.<\/span><\/p>\n<p><span class=\"text1noticias\"> <\/span><\/p>\n<p><span class=\"text1noticias\">El paso dado por Obama pudiera ser mal interpretado en el actual contexto del acercamiento entre ambos pa\u00edses como una acci\u00f3n da\u00f1ina.<\/span><\/p>\n<p><span class=\"text1noticias\"> <\/span><\/p>\n<p><span class=\"text1noticias\">Sin embargo, con esa medida Obama mantiene su autoridad ejecutiva para relajar sanciones contra los cubanos en el proceso de normalizaci\u00f3n bilateral mediante decretos ejecutivos.<\/span><\/p>\n<p><span class=\"text1noticias\"> <\/span><\/p>\n<p><span class=\"text1noticias\">En una comunicaci\u00f3n enviado a los secretarios de Estado y del Tesoro, Obama explica que su decisi\u00f3n de prorrogar por un a\u00f1o m\u00e1s la normativa, hasta el 14 de septiembre de 2016, est\u00e1 \u00aben el inter\u00e9s nacional\u00bb de Estados Unidos.<\/span><\/p>\n<p><span class=\"text1noticias\"> <\/span><\/p>\n<p><span class=\"text1noticias\">Expertos legales se\u00f1alan que la acci\u00f3n maximiza su flexibilidad para administrar el bloqueo a Cuba y autorizar determinadas acciones para llevar adelante su pol\u00edtica de recomposici\u00f3n de las relaciones hasta que el Congreso se pronuncie sobre si elimina las pol\u00edticas agresivas.<\/span><\/p>\n<p><span class=\"text1noticias\"> <\/span><\/p>\n<p><span class=\"text1noticias\">La mayor\u00eda de los estadounidenses, incluso los republicanos, son partidarios de abolir las leyes del bloqueo econ\u00f3mico, financiero y comercial que Washington mantiene contra el pueblo cubano.<\/span><\/p>\n<p><span class=\"text1noticias\"> <\/span><\/p>\n<p><span class=\"text1noticias\">Seg\u00fan Peter Boogaard, un portavoz del Consejo de Seguridad Nacional, citado por medios de prensa, Obama cree que el Legislativo deber\u00eda levantar el bloqueo a Cuba y mientras tanto avanz\u00f3 medidas para \u00abnormalizar las relaciones\u00bb.<\/span><\/p>\n<p><span class=\"text1noticias\"> <\/span><\/p>\n<p><span class=\"text1noticias\">Mientras tanto, la Ley de Comercio con el Enemigo es lo \u00fanico que confiere la actividad ejecutiva al presidente para relajar el bloqueo a Cuba, seg\u00fan opina Robert Muse, un abogado considerado como el mayor experto en la legislaci\u00f3n estadounidense respecto<\/span> a la isla.<\/p>\n<h6> 2015-09-12 23:51:35 <\/h6>\n<p><!--\n<link rel=\"stylesheet\" href=\"css\/bootstrap.min.css\">\n\n\n<ul class=\"pagination\">\n\t    \n\t\n\n<li >\n\t<a href='?page_no=22821'>Previous<\/a>\n\t<\/li>\n\n\n       \n    \n\n<li><a href='?page_no=1'>1<\/a><\/li>\n\n\n\n<li><a href='?page_no=2'>2<\/a><\/li>\n\n\n\n<li><a>...<\/a><\/li>\n\n\n\n<li><a href='?page_no=22820'>22820<\/a><\/li>\n\n\n\n<li><a href='?page_no=22821'>22821<\/a><\/li>\n\n\n\n<li class='active'><a>22822<\/a><\/li>\n\n\n\n<li><a href='?page_no=22823'>22823<\/a><\/li>\n\n\n\n<li><a href='?page_no=22824'>22824<\/a><\/li>\n\n\n\n<li><a>...<\/a><\/li>\n\n\n\n<li><a href='?page_no=51012'>51012<\/a><\/li>\n\n\n\n<li><a href='?page_no=51013'>51013<\/a><\/li>\n\n    \n\t\n\n<li >\n\t<a href='?page_no=22823'>Next<\/a>\n\t<\/li>\n\n\n    \n\n<li><a href='?page_no=51013'>Last &rsaquo;&rsaquo;<\/a><\/li>\n\n<\/ul>\n\n\n--><br \/>\n<\/body><\/p>\n","protected":false},"excerpt":{"rendered":"<p>Washington, 12 sep (PL) El presidente Barack Obama mantuvo en sus manos el curso de la pol\u00edtica estadounidense hacia Cuba al renovar el viernes la Ley de Comercio con el Enemigo de 1917. (PLRadio) Esa legislaci\u00f3n, aprobada por el Congreso Federal el 6 de octubre de aquel lejano a\u00f1o, le otorga al presidente la facultad [&hellip;]<\/p>\n","protected":false},"author":3,"featured_media":0,"comment_status":"open","ping_status":"open","sticky":false,"template":"","format":"standard","meta":{"footnotes":""},"categories":[23],"tags":[],"class_list":["post-253177","post","type-post","status-publish","format-standard","hentry","category-internacional"],"_links":{"self":[{"href":"https:\/\/diariodominicano.com\/index.php?rest_route=\/wp\/v2\/posts\/253177","targetHints":{"allow":["GET"]}}],"collection":[{"href":"https:\/\/diariodominicano.com\/index.php?rest_route=\/wp\/v2\/posts"}],"about":[{"href":"https:\/\/diariodominicano.com\/index.php?rest_route=\/wp\/v2\/types\/post"}],"author":[{"embeddable":true,"href":"https:\/\/diariodominicano.com\/index.php?rest_route=\/wp\/v2\/users\/3"}],"replies":[{"embeddable":true,"href":"https:\/\/diariodominicano.com\/index.php?rest_route=%2Fwp%2Fv2%2Fcomments&post=253177"}],"version-history":[{"count":0,"href":"https:\/\/diariodominicano.com\/index.php?rest_route=\/wp\/v2\/posts\/253177\/revisions"}],"wp:attachment":[{"href":"https:\/\/diariodominicano.com\/index.php?rest_route=%2Fwp%2Fv2%2Fmedia&parent=253177"}],"wp:term":[{"taxonomy":"category","embeddable":true,"href":"https:\/\/diariodominicano.com\/index.php?rest_route=%2Fwp%2Fv2%2Fcategories&post=253177"},{"taxonomy":"post_tag","embeddable":true,"href":"https:\/\/diariodominicano.com\/index.php?rest_route=%2Fwp%2Fv2%2Ftags&post=253177"}],"curies":[{"name":"wp","href":"https:\/\/api.w.org\/{rel}","templated":true}]}}