{"id":253176,"date":"2015-09-12T23:56:05","date_gmt":"2015-09-12T23:56:05","guid":{"rendered":"http:\/\/diariodominicano.ddns.net\/?p=253176"},"modified":"2015-09-12T23:56:05","modified_gmt":"2015-09-12T23:56:05","slug":"venezuela-continua-aceptando-a-colombianos-refugiados","status":"publish","type":"post","link":"https:\/\/diariodominicano.com\/?p=253176","title":{"rendered":"Venezuela contin\u00faa aceptando a colombianos refugiados"},"content":{"rendered":"<p><body><\/p>\n<p><img decoding=\"async\" src=\"img3\/colombia-efug.jpg\" \/>  <\/p>\n<p><span class=\"text1noticias\">Caracas, 12 sep (PL) Venezuela aprob\u00f3 la condici\u00f3n de refugiados a 480 colombianos pese al conflicto tras el cierre de la frontera con Colombia en los estados T\u00e1chira y Zulia decretado hace hoy 24 d\u00edas.<\/span><\/p>\n<p><span class=\"text1noticias\"> <\/span><\/p>\n<p><span class=\"text1noticias\">De acuerdo con datos de la Comisi\u00f3n Nacional para Los Refugiados de la Canciller\u00eda, el flujo de 25 solicitudes semanales para este estatus no ha mermado no obstante la campa\u00f1a de sectores de la derecha colombiana que denuncian supuestas violaciones a los Derechos Humanos contra esos ciudadanos.<\/span><\/p>\n<p><span class=\"text1noticias\"> <\/span><\/p>\n<p><span class=\"text1noticias\">El presidente de esa comisi\u00f3n, Yldefonso Finol, inform\u00f3 este viernes que en el pa\u00eds hay cinco mil 991 colombianos bajo la condici\u00f3n de refugiados, 20 por ciento de ellos desplazados por el conflicto pol\u00edtico militar, lo cual sit\u00faa a Venezuela como el pa\u00eds de la regi\u00f3n con mayor n\u00famero de desplazados neogranadinos.<\/span><\/p>\n<p><span class=\"text1noticias\"> <\/span><\/p>\n<p><span class=\"text1noticias\">Miembro del voluntariado de esos ciudadanos protegidos por Venezuela se desplazaron ayer hacia la Casa Amarilla (sede de la Canciller\u00eda) para expresar su total y rotundo apoyo al cierre fronterizo con vista a establecer nuevas reglas de intercambio binacional en esos territorios.<\/span><\/p>\n<p><span class=\"text1noticias\"> <\/span><\/p>\n<p><span class=\"text1noticias\">En un comunicado le\u00eddo por su representante, Lizandro Ayola, pidieron al presidente Juan Manuel Santos establecer un di\u00e1logo con su hom\u00f3logo venezolano tomando en cuenta el apoyo que, aseguran, este pa\u00eds les ha brind<\/span>ado.<\/p>\n<h6> 2015-09-12 23:56:05 <\/h6>\n<p><!--\n<link rel=\"stylesheet\" href=\"css\/bootstrap.min.css\">\n\n\n<ul class=\"pagination\">\n\t    \n\t\n\n<li >\n\t<a href='?page_no=22820'>Previous<\/a>\n\t<\/li>\n\n\n       \n    \n\n<li><a href='?page_no=1'>1<\/a><\/li>\n\n\n\n<li><a href='?page_no=2'>2<\/a><\/li>\n\n\n\n<li><a>...<\/a><\/li>\n\n\n\n<li><a href='?page_no=22819'>22819<\/a><\/li>\n\n\n\n<li><a href='?page_no=22820'>22820<\/a><\/li>\n\n\n\n<li class='active'><a>22821<\/a><\/li>\n\n\n\n<li><a href='?page_no=22822'>22822<\/a><\/li>\n\n\n\n<li><a href='?page_no=22823'>22823<\/a><\/li>\n\n\n\n<li><a>...<\/a><\/li>\n\n\n\n<li><a href='?page_no=51012'>51012<\/a><\/li>\n\n\n\n<li><a href='?page_no=51013'>51013<\/a><\/li>\n\n    \n\t\n\n<li >\n\t<a href='?page_no=22822'>Next<\/a>\n\t<\/li>\n\n\n    \n\n<li><a href='?page_no=51013'>Last &rsaquo;&rsaquo;<\/a><\/li>\n\n<\/ul>\n\n\n--><br \/>\n<\/body><\/p>\n","protected":false},"excerpt":{"rendered":"<p>Caracas, 12 sep (PL) Venezuela aprob\u00f3 la condici\u00f3n de refugiados a 480 colombianos pese al conflicto tras el cierre de la frontera con Colombia en los estados T\u00e1chira y Zulia decretado hace hoy 24 d\u00edas. De acuerdo con datos de la Comisi\u00f3n Nacional para Los Refugiados de la Canciller\u00eda, el flujo de 25 solicitudes semanales [&hellip;]<\/p>\n","protected":false},"author":3,"featured_media":0,"comment_status":"open","ping_status":"open","sticky":false,"template":"","format":"standard","meta":{"footnotes":""},"categories":[23],"tags":[],"class_list":["post-253176","post","type-post","status-publish","format-standard","hentry","category-internacional"],"_links":{"self":[{"href":"https:\/\/diariodominicano.com\/index.php?rest_route=\/wp\/v2\/posts\/253176","targetHints":{"allow":["GET"]}}],"collection":[{"href":"https:\/\/diariodominicano.com\/index.php?rest_route=\/wp\/v2\/posts"}],"about":[{"href":"https:\/\/diariodominicano.com\/index.php?rest_route=\/wp\/v2\/types\/post"}],"author":[{"embeddable":true,"href":"https:\/\/diariodominicano.com\/index.php?rest_route=\/wp\/v2\/users\/3"}],"replies":[{"embeddable":true,"href":"https:\/\/diariodominicano.com\/index.php?rest_route=%2Fwp%2Fv2%2Fcomments&post=253176"}],"version-history":[{"count":0,"href":"https:\/\/diariodominicano.com\/index.php?rest_route=\/wp\/v2\/posts\/253176\/revisions"}],"wp:attachment":[{"href":"https:\/\/diariodominicano.com\/index.php?rest_route=%2Fwp%2Fv2%2Fmedia&parent=253176"}],"wp:term":[{"taxonomy":"category","embeddable":true,"href":"https:\/\/diariodominicano.com\/index.php?rest_route=%2Fwp%2Fv2%2Fcategories&post=253176"},{"taxonomy":"post_tag","embeddable":true,"href":"https:\/\/diariodominicano.com\/index.php?rest_route=%2Fwp%2Fv2%2Ftags&post=253176"}],"curies":[{"name":"wp","href":"https:\/\/api.w.org\/{rel}","templated":true}]}}