{"id":253174,"date":"2015-09-13T12:40:05","date_gmt":"2015-09-13T12:40:05","guid":{"rendered":"http:\/\/diariodominicano.ddns.net\/?p=253174"},"modified":"2015-09-13T12:40:05","modified_gmt":"2015-09-13T12:40:05","slug":"washington-cierra-calles-por-visita-del-papa-realiza-operativo-con-la-guardia-nacional","status":"publish","type":"post","link":"https:\/\/diariodominicano.com\/?p=253174","title":{"rendered":"Washington cierra calles por visita del Papa; realiza operativo con la Guardia Nacional"},"content":{"rendered":"<p><body><\/p>\n<p><img decoding=\"async\" src=\"img3\/papa 5.jpg\" \/><br \/><img decoding=\"async\" src=\"img3\/visita 14.jpg\" \/>  <\/p>\n<p>Washington DC. 14 septiembre.-  La capital de Estados Unidos se prepara para recibir al papa Francisco y debido al alto n\u00famero de personas que llegar\u00e1n a la ciudad, la alcaldesa Muriel Bowser se\u00f1al\u00f3 que est\u00e1n trabajando de la mano con socios federales y regionales para garantizar una estad\u00eda c\u00f3moda, segura y placentera.<\/p>\n<\/p>\n<p>Para ello inform\u00f3 que han estado acordando mecanismos de acci\u00f3n con el servicio secreto, autoridades federales y regionales, as\u00ed como con la Guardia Nacional para hacer los ajustes de tr\u00e1fico necesarios y asegur\u00e1ndose que los residentes, trabajadores y visitantes en el Distrito tengan la informaci\u00f3n necesaria.<\/p>\n<\/p>\n<p>Como parte de las medidas se cerrar\u00e1n varias calles, antes y durante la visita del papa Francisco y se acondicionar\u00e1n las rutas de tren y autobuses. Las \u00e1reas m\u00e1s afectadas ser\u00e1n los alrededores de la Casa Blanca, Naval Observatory, la Bas\u00edlica, Brookland y el Capitolio.<\/p>\n<\/p>\n<p>Bowser tambi\u00e9n recomend\u00f3 que el mejor lugar para ver al papa Francisco ser\u00e1 el 24 de septiembre cuando se dirija al Congreso durante la ma\u00f1ana.<\/p>\n<\/p>\n<p>El p\u00fablico podr\u00e1 seguir el discurso del Sumo Pont\u00edfice en pantallas gigantes instaladas en la explanada del National Mall, entre las calles 3th y 7th.<\/p>\n<\/p>\n<p>La alcaldesa tambi\u00e9n inform\u00f3 que durante la semana del 21 de septiembre el gobierno del Distrito de Columbia seguir\u00e1 operando normalmente al igual que las escuelas p\u00fablicas. Al mismo tiempo recomiendan a las agencias federales permitir el trabajo desde casa o telework a sus empleados.<\/p>\n<\/p>\n<p>De igual manera la ciudad pone a disposici\u00f3n del p\u00fablico una p\u00e1gina web destinada a informar sobre todas las actividades relacionadas con la visita del papa Francisco, que incluye el calendario de actividades. Para m\u00e1s informaci\u00f3n visite www.pope.dc.gov<\/p>\n<\/p>\n<h6> 2015-09-13 12:40:05 <\/h6>\n<p><!--\n<link rel=\"stylesheet\" href=\"css\/bootstrap.min.css\">\n\n\n<ul class=\"pagination\">\n\t    \n\t\n\n<li >\n\t<a href='?page_no=22818'>Previous<\/a>\n\t<\/li>\n\n\n       \n    \n\n<li><a href='?page_no=1'>1<\/a><\/li>\n\n\n\n<li><a href='?page_no=2'>2<\/a><\/li>\n\n\n\n<li><a>...<\/a><\/li>\n\n\n\n<li><a href='?page_no=22817'>22817<\/a><\/li>\n\n\n\n<li><a href='?page_no=22818'>22818<\/a><\/li>\n\n\n\n<li class='active'><a>22819<\/a><\/li>\n\n\n\n<li><a href='?page_no=22820'>22820<\/a><\/li>\n\n\n\n<li><a href='?page_no=22821'>22821<\/a><\/li>\n\n\n\n<li><a>...<\/a><\/li>\n\n\n\n<li><a href='?page_no=51012'>51012<\/a><\/li>\n\n\n\n<li><a href='?page_no=51013'>51013<\/a><\/li>\n\n    \n\t\n\n<li >\n\t<a href='?page_no=22820'>Next<\/a>\n\t<\/li>\n\n\n    \n\n<li><a href='?page_no=51013'>Last &rsaquo;&rsaquo;<\/a><\/li>\n\n<\/ul>\n\n\n--><br \/>\n<\/body><\/p>\n","protected":false},"excerpt":{"rendered":"<p>Washington DC. 14 septiembre.- La capital de Estados Unidos se prepara para recibir al papa Francisco y debido al alto n\u00famero de personas que llegar\u00e1n a la ciudad, la alcaldesa Muriel Bowser se\u00f1al\u00f3 que est\u00e1n trabajando de la mano con socios federales y regionales para garantizar una estad\u00eda c\u00f3moda, segura y placentera. Para ello inform\u00f3 [&hellip;]<\/p>\n","protected":false},"author":3,"featured_media":0,"comment_status":"open","ping_status":"open","sticky":false,"template":"","format":"standard","meta":{"footnotes":""},"categories":[23],"tags":[],"class_list":["post-253174","post","type-post","status-publish","format-standard","hentry","category-internacional"],"_links":{"self":[{"href":"https:\/\/diariodominicano.com\/index.php?rest_route=\/wp\/v2\/posts\/253174","targetHints":{"allow":["GET"]}}],"collection":[{"href":"https:\/\/diariodominicano.com\/index.php?rest_route=\/wp\/v2\/posts"}],"about":[{"href":"https:\/\/diariodominicano.com\/index.php?rest_route=\/wp\/v2\/types\/post"}],"author":[{"embeddable":true,"href":"https:\/\/diariodominicano.com\/index.php?rest_route=\/wp\/v2\/users\/3"}],"replies":[{"embeddable":true,"href":"https:\/\/diariodominicano.com\/index.php?rest_route=%2Fwp%2Fv2%2Fcomments&post=253174"}],"version-history":[{"count":0,"href":"https:\/\/diariodominicano.com\/index.php?rest_route=\/wp\/v2\/posts\/253174\/revisions"}],"wp:attachment":[{"href":"https:\/\/diariodominicano.com\/index.php?rest_route=%2Fwp%2Fv2%2Fmedia&parent=253174"}],"wp:term":[{"taxonomy":"category","embeddable":true,"href":"https:\/\/diariodominicano.com\/index.php?rest_route=%2Fwp%2Fv2%2Fcategories&post=253174"},{"taxonomy":"post_tag","embeddable":true,"href":"https:\/\/diariodominicano.com\/index.php?rest_route=%2Fwp%2Fv2%2Ftags&post=253174"}],"curies":[{"name":"wp","href":"https:\/\/api.w.org\/{rel}","templated":true}]}}