{"id":253172,"date":"2015-09-13T20:52:17","date_gmt":"2015-09-13T20:52:17","guid":{"rendered":"http:\/\/diariodominicano.ddns.net\/?p=253172"},"modified":"2015-09-13T20:52:17","modified_gmt":"2015-09-13T20:52:17","slug":"francia-pide-respeto-de-normas-de-schengen","status":"publish","type":"post","link":"https:\/\/diariodominicano.com\/?p=253172","title":{"rendered":"Francia pide \u00abrespeto de normas de Schengen\u00bb"},"content":{"rendered":"<p><body><\/p>\n<p><span class=\"text1noticias\">PARIS, 14 sep (Xinhua) &#8212; El ministro del Interior de Francia Bernard Cazeneuve pidi\u00f3 \u00abun escrupuloso respecto de las normas de Schengen por parte de todos los pa\u00edses de la Uni\u00f3n Europea\u00bb, se indic\u00f3 un bolet\u00edn de prensa emitido por el ministerio la noche de este domingo.<\/span><\/p>\n<p><span class=\"text1noticias\"> <\/span><\/p>\n<p><span class=\"text1noticias\">Las declaraciones de Cazeneuve se produjeron despu\u00e9s de que Alemania decidi\u00f3 restablecer de forma temporal los controles en su frontera con Austria debido a la gran afluencia de personas en necesidad de protecci\u00f3n.<\/span><\/p>\n<p><span class=\"text1noticias\"> <\/span><\/p>\n<p><span class=\"text1noticias\">\u00abLa falta de cumplimiento es la raz\u00f3n por la que Alemania decidi\u00f3 restablecer temporalmente sus controles fronterizos\u00bb, agreg\u00f3 el bolet\u00edn de prensa del ministerio.<\/span><\/p>\n<p><span class=\"text1noticias\"> <\/span><\/p>\n<p><span class=\"text1noticias\">De acuerdo con el bolet\u00edn de prensa, Francia tambi\u00e9n confirm\u00f3 que recibir\u00e1 24.000 solicitantes de asilo que necesitan protecci\u00f3n, incluyendo a los 6.275 que ya han llegado a Francia.<\/span><\/p>\n<h6> 2015-09-13 20:52:17 <\/h6>\n<p><!--\n<link rel=\"stylesheet\" href=\"css\/bootstrap.min.css\">\n\n\n<ul class=\"pagination\">\n\t    \n\t\n\n<li >\n\t<a href='?page_no=22816'>Previous<\/a>\n\t<\/li>\n\n\n       \n    \n\n<li><a href='?page_no=1'>1<\/a><\/li>\n\n\n\n<li><a href='?page_no=2'>2<\/a><\/li>\n\n\n\n<li><a>...<\/a><\/li>\n\n\n\n<li><a href='?page_no=22815'>22815<\/a><\/li>\n\n\n\n<li><a href='?page_no=22816'>22816<\/a><\/li>\n\n\n\n<li class='active'><a>22817<\/a><\/li>\n\n\n\n<li><a href='?page_no=22818'>22818<\/a><\/li>\n\n\n\n<li><a href='?page_no=22819'>22819<\/a><\/li>\n\n\n\n<li><a>...<\/a><\/li>\n\n\n\n<li><a href='?page_no=51012'>51012<\/a><\/li>\n\n\n\n<li><a href='?page_no=51013'>51013<\/a><\/li>\n\n    \n\t\n\n<li >\n\t<a href='?page_no=22818'>Next<\/a>\n\t<\/li>\n\n\n    \n\n<li><a href='?page_no=51013'>Last &rsaquo;&rsaquo;<\/a><\/li>\n\n<\/ul>\n\n\n--><br \/>\n<\/body><\/p>\n","protected":false},"excerpt":{"rendered":"<p>PARIS, 14 sep (Xinhua) &#8212; El ministro del Interior de Francia Bernard Cazeneuve pidi\u00f3 \u00abun escrupuloso respecto de las normas de Schengen por parte de todos los pa\u00edses de la Uni\u00f3n Europea\u00bb, se indic\u00f3 un bolet\u00edn de prensa emitido por el ministerio la noche de este domingo. Las declaraciones de Cazeneuve se produjeron despu\u00e9s de [&hellip;]<\/p>\n","protected":false},"author":3,"featured_media":0,"comment_status":"open","ping_status":"open","sticky":false,"template":"","format":"standard","meta":{"footnotes":""},"categories":[23],"tags":[],"class_list":["post-253172","post","type-post","status-publish","format-standard","hentry","category-internacional"],"_links":{"self":[{"href":"https:\/\/diariodominicano.com\/index.php?rest_route=\/wp\/v2\/posts\/253172","targetHints":{"allow":["GET"]}}],"collection":[{"href":"https:\/\/diariodominicano.com\/index.php?rest_route=\/wp\/v2\/posts"}],"about":[{"href":"https:\/\/diariodominicano.com\/index.php?rest_route=\/wp\/v2\/types\/post"}],"author":[{"embeddable":true,"href":"https:\/\/diariodominicano.com\/index.php?rest_route=\/wp\/v2\/users\/3"}],"replies":[{"embeddable":true,"href":"https:\/\/diariodominicano.com\/index.php?rest_route=%2Fwp%2Fv2%2Fcomments&post=253172"}],"version-history":[{"count":0,"href":"https:\/\/diariodominicano.com\/index.php?rest_route=\/wp\/v2\/posts\/253172\/revisions"}],"wp:attachment":[{"href":"https:\/\/diariodominicano.com\/index.php?rest_route=%2Fwp%2Fv2%2Fmedia&parent=253172"}],"wp:term":[{"taxonomy":"category","embeddable":true,"href":"https:\/\/diariodominicano.com\/index.php?rest_route=%2Fwp%2Fv2%2Fcategories&post=253172"},{"taxonomy":"post_tag","embeddable":true,"href":"https:\/\/diariodominicano.com\/index.php?rest_route=%2Fwp%2Fv2%2Ftags&post=253172"}],"curies":[{"name":"wp","href":"https:\/\/api.w.org\/{rel}","templated":true}]}}