{"id":253171,"date":"2015-09-13T21:02:14","date_gmt":"2015-09-13T21:02:14","guid":{"rendered":"http:\/\/diariodominicano.ddns.net\/?p=253171"},"modified":"2015-09-13T21:02:14","modified_gmt":"2015-09-13T21:02:14","slug":"ataque-suicida-deja-10-muertos-y-43-heridos-en-pakistan","status":"publish","type":"post","link":"https:\/\/diariodominicano.com\/?p=253171","title":{"rendered":"Ataque suicida deja 10 muertos y 43 heridos en Pakist\u00e1n"},"content":{"rendered":"<p><body><\/p>\n<p><img decoding=\"async\" src=\"img3\/bust.jpg\" \/><br \/><img decoding=\"async\" src=\"img3\/pakistan2.jpg\" \/>  <\/p>\n<p>ISLAMABAD, 14 sep (Xinhua) &#8212; Al menos 10 personas murieron y 43 resultaron heridas cuando una bomba explot\u00f3 la noche de este domingo, en una parada de autob\u00fas en la ciudad pakistan\u00ed oriental de Multan, indicaron funcionarios.<\/p>\n<\/p>\n<p>El director de la polic\u00eda central Azhar Akram dijo que la explosi\u00f3n ocurri\u00f3 en la zona de Vehari Chowk, en Multan, un distrito ubicado en la provincia pakistan\u00ed oriental de Punjab.<\/p>\n<\/p>\n<p>Akram a\u00f1adi\u00f3 que la polic\u00eda recuper\u00f3 el cuerpo del presunto responsable en el lugar de los hechos y lo envi\u00f3 a laboratorio para realizarle pruebas de ADN y huellas dactilares.<\/p>\n<\/p>\n<p> Los heridos fueron trasladados al hospital Nishtar de Multan, donde el estado de al menos 11 son cr\u00edticos, indic\u00f3 el director de polic\u00eda.<\/p>\n<\/p>\n<p>Pero existen informes contradictorios sobre el estallido. El comisionado de distrito Zahid Saleem Gondal dijo que la explosi\u00f3n ocurri\u00f3 cuando una calesa se estrell\u00f3 contra una motocicleta que ven\u00eda en direcci\u00f3n opuesta, a\u00f1adi\u00f3 el comisionado.<\/p>\n<\/p>\n<p>Otro oficial de polic\u00eda dijo que la bomba fue colocada en una mochila que fue detonada a control remoto.<\/p>\n<\/p>\n<p>Akram indic\u00f3 que la polic\u00eda y una unidad de desactivaci\u00f3n de bombas est\u00e1n investigando la naturaleza de la explosi\u00f3n desde ambas perspectivas.<\/p>\n<\/p>\n<p>Ning\u00fan grupo ha reivindicado a\u00fan el ataque.<\/p>\n<\/p>\n<p>El primer ministro Nawaz Sharif conden\u00f3 la explosi\u00f3n y orden\u00f3 a la administraci\u00f3n del hospital brindar la mejor atenci\u00f3n m\u00e9dica posible a los heridos.<\/p>\n<h6> 2015-09-13 21:02:14 <\/h6>\n<p><!--\n<link rel=\"stylesheet\" href=\"css\/bootstrap.min.css\">\n\n\n<ul class=\"pagination\">\n\t    \n\t\n\n<li >\n\t<a href='?page_no=22815'>Previous<\/a>\n\t<\/li>\n\n\n       \n    \n\n<li><a href='?page_no=1'>1<\/a><\/li>\n\n\n\n<li><a href='?page_no=2'>2<\/a><\/li>\n\n\n\n<li><a>...<\/a><\/li>\n\n\n\n<li><a href='?page_no=22814'>22814<\/a><\/li>\n\n\n\n<li><a href='?page_no=22815'>22815<\/a><\/li>\n\n\n\n<li class='active'><a>22816<\/a><\/li>\n\n\n\n<li><a href='?page_no=22817'>22817<\/a><\/li>\n\n\n\n<li><a href='?page_no=22818'>22818<\/a><\/li>\n\n\n\n<li><a>...<\/a><\/li>\n\n\n\n<li><a href='?page_no=51012'>51012<\/a><\/li>\n\n\n\n<li><a href='?page_no=51013'>51013<\/a><\/li>\n\n    \n\t\n\n<li >\n\t<a href='?page_no=22817'>Next<\/a>\n\t<\/li>\n\n\n    \n\n<li><a href='?page_no=51013'>Last &rsaquo;&rsaquo;<\/a><\/li>\n\n<\/ul>\n\n\n--><br \/>\n<\/body><\/p>\n","protected":false},"excerpt":{"rendered":"<p>ISLAMABAD, 14 sep (Xinhua) &#8212; Al menos 10 personas murieron y 43 resultaron heridas cuando una bomba explot\u00f3 la noche de este domingo, en una parada de autob\u00fas en la ciudad pakistan\u00ed oriental de Multan, indicaron funcionarios. El director de la polic\u00eda central Azhar Akram dijo que la explosi\u00f3n ocurri\u00f3 en la zona de Vehari [&hellip;]<\/p>\n","protected":false},"author":3,"featured_media":0,"comment_status":"open","ping_status":"open","sticky":false,"template":"","format":"standard","meta":{"footnotes":""},"categories":[23],"tags":[],"class_list":["post-253171","post","type-post","status-publish","format-standard","hentry","category-internacional"],"_links":{"self":[{"href":"https:\/\/diariodominicano.com\/index.php?rest_route=\/wp\/v2\/posts\/253171","targetHints":{"allow":["GET"]}}],"collection":[{"href":"https:\/\/diariodominicano.com\/index.php?rest_route=\/wp\/v2\/posts"}],"about":[{"href":"https:\/\/diariodominicano.com\/index.php?rest_route=\/wp\/v2\/types\/post"}],"author":[{"embeddable":true,"href":"https:\/\/diariodominicano.com\/index.php?rest_route=\/wp\/v2\/users\/3"}],"replies":[{"embeddable":true,"href":"https:\/\/diariodominicano.com\/index.php?rest_route=%2Fwp%2Fv2%2Fcomments&post=253171"}],"version-history":[{"count":0,"href":"https:\/\/diariodominicano.com\/index.php?rest_route=\/wp\/v2\/posts\/253171\/revisions"}],"wp:attachment":[{"href":"https:\/\/diariodominicano.com\/index.php?rest_route=%2Fwp%2Fv2%2Fmedia&parent=253171"}],"wp:term":[{"taxonomy":"category","embeddable":true,"href":"https:\/\/diariodominicano.com\/index.php?rest_route=%2Fwp%2Fv2%2Fcategories&post=253171"},{"taxonomy":"post_tag","embeddable":true,"href":"https:\/\/diariodominicano.com\/index.php?rest_route=%2Fwp%2Fv2%2Ftags&post=253171"}],"curies":[{"name":"wp","href":"https:\/\/api.w.org\/{rel}","templated":true}]}}