{"id":253169,"date":"2015-09-13T21:41:35","date_gmt":"2015-09-13T21:41:35","guid":{"rendered":"http:\/\/diariodominicano.ddns.net\/?p=253169"},"modified":"2015-09-13T21:41:35","modified_gmt":"2015-09-13T21:41:35","slug":"ecuador-entrega-a-peru-narcotraficante-mas-buscado","status":"publish","type":"post","link":"https:\/\/diariodominicano.com\/?p=253169","title":{"rendered":"Ecuador entrega a Per\u00fa narcotraficante m\u00e1s buscado"},"content":{"rendered":"<p><body><\/p>\n<p><img decoding=\"async\" src=\"img3\/ecuador t.jpg\" \/><br \/><img decoding=\"async\" src=\"img3\/ecuador2t.jpg\" \/>  <\/p>\n<p><span class=\"text1noticias\">QUITO, 13 sep (Xinhua) &#8212; La Polic\u00eda de Ecuador entreg\u00f3 a su similar de Per\u00fa a Gerald Am\u00e9rico O. L., un narcotraficante que figuraba en la lista de los m\u00e1s buscados de ese pa\u00eds y fue detenido la v\u00edspera en el litoral ecuatoriano, inform\u00f3 hoy el viceministro del Interior, Diego Fuentes.<\/span><\/p>\n<p><span class=\"text1noticias\"> <\/span><\/p>\n<p><span class=\"text1noticias\">La entrega del detenido se produjo en el Centro Binacional de Atenci\u00f3n Fronteriza (Cebaf), en Huaquillas, situada al suroeste de la provincia ecuatoriana de El Oro y fronteriza con Per\u00fa, precis\u00f3 Fuentes en una conferencia de prensa.<\/span><\/p>\n<p><span class=\"text1noticias\"> <\/span><\/p>\n<p><span class=\"text1noticias\">El ministro del Interior de Per\u00fa, Jos\u00e9 Luis P\u00e9rez, presidi\u00f3 la delegaci\u00f3n peruana que se hizo presente en la entrega del detenido.<\/span><\/p>\n<p><span class=\"text1noticias\"> <\/span><\/p>\n<p><span class=\"text1noticias\">El peruano fue capturado el s\u00e1bado en el balneario de Salinas, en la provincia costera de Santa Elena, por agentes de la Unidad de Investigaciones Antinarc\u00f3ticos (UIAN) de la Polic\u00eda de Ecuador, en coordinaci\u00f3n con la Polic\u00eda de Per\u00fa, indic\u00f3 Fuentes.<\/span><\/p>\n<p><span class=\"text1noticias\"> <\/span><\/p>\n<p><span class=\"text1noticias\">Agreg\u00f3 que el detenido registraba una difusi\u00f3n roja de la Polic\u00eda Internacional (Interpol) por el delito de narcotr\u00e1fico y \u00absu alta peligrosidad\u00bb.<\/span><\/p>\n<p><span class=\"text1noticias\"> <\/span><\/p>\n<p><span class=\"text1noticias\">Fuentes sostuvo que la detenci\u00f3n del extranjero fue el resultado de una investigaci\u00f3n de cinco meses de la Polic\u00eda Nacional en coordinaci\u00f3n e intercambio de informaci\u00f3n con su par peruana.<\/span><\/p>\n<p><span class=\"text1noticias\"> <\/span><\/p>\n<p><span class=\"text1noticias\">Detall\u00f3 que seg\u00fan un informe de la UIAN, al aprehendido se le verific\u00f3 sus huellas dactilares que fueron cotejadas con la solicitud de difusi\u00f3n roja, a pesar de que sus tatuajes y cotejamiento de fotograf\u00edas lo confirmaron.<\/span><\/p>\n<p><span class=\"text1noticias\"> <\/span><\/p>\n<p><span class=\"text1noticias\">Luego de la audiencia de flagrancia, un juez ecuatoriano orden\u00f3 su deportaci\u00f3n \u00abpor estado migratorio irregular y por su peligrosidad\u00bb, subray\u00f3 Fuentes.<\/span><\/p>\n<p><span class=\"text1noticias\"> <\/span><\/p>\n<p><span class=\"text1noticias\">\u00abEcuador no tendr\u00e1 ning\u00fan tipo de tolerancia en acoger a personas con antecedentes penales\u00bb, asegur\u00f3 el viceministro del Interior al tiempo que anunci\u00f3 que ambos pa\u00edses seguir\u00e1n cooperando en temas de se<\/span>guridad.<\/p>\n<h6> 2015-09-13 21:41:35 <\/h6>\n<p><!--\n<link rel=\"stylesheet\" href=\"css\/bootstrap.min.css\">\n\n\n<ul class=\"pagination\">\n\t    \n\t\n\n<li >\n\t<a href='?page_no=22813'>Previous<\/a>\n\t<\/li>\n\n\n       \n    \n\n<li><a href='?page_no=1'>1<\/a><\/li>\n\n\n\n<li><a href='?page_no=2'>2<\/a><\/li>\n\n\n\n<li><a>...<\/a><\/li>\n\n\n\n<li><a href='?page_no=22812'>22812<\/a><\/li>\n\n\n\n<li><a href='?page_no=22813'>22813<\/a><\/li>\n\n\n\n<li class='active'><a>22814<\/a><\/li>\n\n\n\n<li><a href='?page_no=22815'>22815<\/a><\/li>\n\n\n\n<li><a href='?page_no=22816'>22816<\/a><\/li>\n\n\n\n<li><a>...<\/a><\/li>\n\n\n\n<li><a href='?page_no=51012'>51012<\/a><\/li>\n\n\n\n<li><a href='?page_no=51013'>51013<\/a><\/li>\n\n    \n\t\n\n<li >\n\t<a href='?page_no=22815'>Next<\/a>\n\t<\/li>\n\n\n    \n\n<li><a href='?page_no=51013'>Last &rsaquo;&rsaquo;<\/a><\/li>\n\n<\/ul>\n\n\n--><br \/>\n<\/body><\/p>\n","protected":false},"excerpt":{"rendered":"<p>QUITO, 13 sep (Xinhua) &#8212; La Polic\u00eda de Ecuador entreg\u00f3 a su similar de Per\u00fa a Gerald Am\u00e9rico O. L., un narcotraficante que figuraba en la lista de los m\u00e1s buscados de ese pa\u00eds y fue detenido la v\u00edspera en el litoral ecuatoriano, inform\u00f3 hoy el viceministro del Interior, Diego Fuentes. La entrega del detenido [&hellip;]<\/p>\n","protected":false},"author":3,"featured_media":0,"comment_status":"open","ping_status":"open","sticky":false,"template":"","format":"standard","meta":{"footnotes":""},"categories":[23],"tags":[],"class_list":["post-253169","post","type-post","status-publish","format-standard","hentry","category-internacional"],"_links":{"self":[{"href":"https:\/\/diariodominicano.com\/index.php?rest_route=\/wp\/v2\/posts\/253169","targetHints":{"allow":["GET"]}}],"collection":[{"href":"https:\/\/diariodominicano.com\/index.php?rest_route=\/wp\/v2\/posts"}],"about":[{"href":"https:\/\/diariodominicano.com\/index.php?rest_route=\/wp\/v2\/types\/post"}],"author":[{"embeddable":true,"href":"https:\/\/diariodominicano.com\/index.php?rest_route=\/wp\/v2\/users\/3"}],"replies":[{"embeddable":true,"href":"https:\/\/diariodominicano.com\/index.php?rest_route=%2Fwp%2Fv2%2Fcomments&post=253169"}],"version-history":[{"count":0,"href":"https:\/\/diariodominicano.com\/index.php?rest_route=\/wp\/v2\/posts\/253169\/revisions"}],"wp:attachment":[{"href":"https:\/\/diariodominicano.com\/index.php?rest_route=%2Fwp%2Fv2%2Fmedia&parent=253169"}],"wp:term":[{"taxonomy":"category","embeddable":true,"href":"https:\/\/diariodominicano.com\/index.php?rest_route=%2Fwp%2Fv2%2Fcategories&post=253169"},{"taxonomy":"post_tag","embeddable":true,"href":"https:\/\/diariodominicano.com\/index.php?rest_route=%2Fwp%2Fv2%2Ftags&post=253169"}],"curies":[{"name":"wp","href":"https:\/\/api.w.org\/{rel}","templated":true}]}}