{"id":253168,"date":"2015-09-13T22:38:18","date_gmt":"2015-09-13T22:38:18","guid":{"rendered":"http:\/\/diariodominicano.ddns.net\/?p=253168"},"modified":"2015-09-13T22:38:18","modified_gmt":"2015-09-13T22:38:18","slug":"presidente-colombiano-ordena-enviar-nota-de-protesta-a-venezuela","status":"publish","type":"post","link":"https:\/\/diariodominicano.com\/?p=253168","title":{"rendered":"Presidente colombiano ordena enviar nota de protesta a Venezuela"},"content":{"rendered":"<p><body><\/p>\n<p><span class=\"text1noticias\">BOGOTA, 14 sep (Xinhua) &#8212; El presidente colombiano, Juan Manuel Santos, orden\u00f3 hoy a los Ministerios de Relaciones Exteriores y de Defensa enviar ma\u00f1ana una nota de protesta luego de que dos aviones militares de Venezuela violaron el espacio a\u00e9reo de Colombia en el departamento de La Guajira (norte).<\/span><\/p>\n<p><span class=\"text1noticias\"> <\/span><\/p>\n<p><span class=\"text1noticias\">\u00abHe ordenado a la Cancilleria y al Ministerio de Defensa presentar ma\u00f1ana mismo protesta formal a Venezuela por violaci\u00f3n de nuestro espacio a\u00e9reo\u00bb, escribi\u00f3 el jefe de Estado en su cuenta de Twitter.<\/span><\/p>\n<p><span class=\"text1noticias\"> <\/span><\/p>\n<p><span class=\"text1noticias\">Inicialmente, el Ministerio de Defensa denunci\u00f3 este domingo que dos aviones militares de Venezuela sobrevolaron un \u00e1rea conocida como Majayura, en La Guajira, e \u00abingresaron 2,9 kil\u00f3metros dentro del espacio a\u00e9reo colombiano\u00bb. Posteriormente, se \u00abperdieron r\u00e1pidamente en direcci\u00f3n hacia Castilletes\u00bb.<\/span><\/p>\n<p><span class=\"text1noticias\"> <\/span><\/p>\n<p><span class=\"text1noticias\">Asimismo, en un segundo ingreso estuvieron por el espacio a\u00e9reo de una unidad militar del Ej\u00e9rcito en la regi\u00f3n de La Flor, en La Guajira, ingresando en territorio 2,27 kil\u00f3metros aproximadamente.<\/span><\/p>\n<p><span class=\"text1noticias\"> <\/span><\/p>\n<p><span class=\"text1noticias\">\u00abEl Ministerio de Defensa Nacional ha trasladado esta informaci\u00f3n a la Direcci\u00f3n de Soberan\u00eda de la Cancilleria en el Palacio de San Carlos, con el fin de que se pidan a Venezuela las explicaciones pertinentes por estos hechos\u00bb, se\u00f1al\u00f3 un escueto comunicado de esa cartera.<\/span><\/p>\n<p><span class=\"text1noticias\"> <\/span><\/p>\n<p><span class=\"text1noticias\">El sobrevuelo se present\u00f3 en momentos en que las ministras de Relaciones Exteriores de ambos pa\u00edses, Mar\u00eda Angela Holgu\u00edn de Colombia y Delcy Rodr\u00edguez de Venezuela, se estaban reuniendo en Quito para tratar de resolver las diferencias entre ambos pa\u00edses, luego de que Caracas orden\u00f3 el cierre de la frontera en varios puestos fronterizos y deport\u00f3 a los colombianos que estaban de manera ilegal.<\/span><\/p>\n<p><span class=\"text1noticias\"> <\/span><\/p>\n<p><span class=\"text1noticias\">Como consecuencia, Santos retir\u00f3 a su embajador en Venezuela a finales del mes pasado. Situaci\u00f3n que gener\u00f3 una crisis diplom\u00e1tica entre ambos pa\u00edses.<\/span><\/p>\n<p><span class=\"text1noticias\"> <\/span><\/p>\n<p><span class=\"text1noticias\">Santos reiter\u00f3 que estaba dispuesto a dialogar con Maduro para analizar la deportaci\u00f3n masiva, y pidi\u00f3 a Maduro que se abra un corredor humanitario en la frontera binacional para que 2.067 ni\u00f1os puedan volver a sus escuelas en Colombia, iniciativa que entr\u00f3 en vigor el<\/span> lunes.<\/p>\n<h6> 2015-09-13 22:38:18 <\/h6>\n<p><!--\n<link rel=\"stylesheet\" href=\"css\/bootstrap.min.css\">\n\n\n<ul class=\"pagination\">\n\t    \n\t\n\n<li >\n\t<a href='?page_no=22812'>Previous<\/a>\n\t<\/li>\n\n\n       \n    \n\n<li><a href='?page_no=1'>1<\/a><\/li>\n\n\n\n<li><a href='?page_no=2'>2<\/a><\/li>\n\n\n\n<li><a>...<\/a><\/li>\n\n\n\n<li><a href='?page_no=22811'>22811<\/a><\/li>\n\n\n\n<li><a href='?page_no=22812'>22812<\/a><\/li>\n\n\n\n<li class='active'><a>22813<\/a><\/li>\n\n\n\n<li><a href='?page_no=22814'>22814<\/a><\/li>\n\n\n\n<li><a href='?page_no=22815'>22815<\/a><\/li>\n\n\n\n<li><a>...<\/a><\/li>\n\n\n\n<li><a href='?page_no=51012'>51012<\/a><\/li>\n\n\n\n<li><a href='?page_no=51013'>51013<\/a><\/li>\n\n    \n\t\n\n<li >\n\t<a href='?page_no=22814'>Next<\/a>\n\t<\/li>\n\n\n    \n\n<li><a href='?page_no=51013'>Last &rsaquo;&rsaquo;<\/a><\/li>\n\n<\/ul>\n\n\n--><br \/>\n<\/body><\/p>\n","protected":false},"excerpt":{"rendered":"<p>BOGOTA, 14 sep (Xinhua) &#8212; El presidente colombiano, Juan Manuel Santos, orden\u00f3 hoy a los Ministerios de Relaciones Exteriores y de Defensa enviar ma\u00f1ana una nota de protesta luego de que dos aviones militares de Venezuela violaron el espacio a\u00e9reo de Colombia en el departamento de La Guajira (norte). \u00abHe ordenado a la Cancilleria y [&hellip;]<\/p>\n","protected":false},"author":3,"featured_media":0,"comment_status":"open","ping_status":"open","sticky":false,"template":"","format":"standard","meta":{"footnotes":""},"categories":[23],"tags":[],"class_list":["post-253168","post","type-post","status-publish","format-standard","hentry","category-internacional"],"_links":{"self":[{"href":"https:\/\/diariodominicano.com\/index.php?rest_route=\/wp\/v2\/posts\/253168","targetHints":{"allow":["GET"]}}],"collection":[{"href":"https:\/\/diariodominicano.com\/index.php?rest_route=\/wp\/v2\/posts"}],"about":[{"href":"https:\/\/diariodominicano.com\/index.php?rest_route=\/wp\/v2\/types\/post"}],"author":[{"embeddable":true,"href":"https:\/\/diariodominicano.com\/index.php?rest_route=\/wp\/v2\/users\/3"}],"replies":[{"embeddable":true,"href":"https:\/\/diariodominicano.com\/index.php?rest_route=%2Fwp%2Fv2%2Fcomments&post=253168"}],"version-history":[{"count":0,"href":"https:\/\/diariodominicano.com\/index.php?rest_route=\/wp\/v2\/posts\/253168\/revisions"}],"wp:attachment":[{"href":"https:\/\/diariodominicano.com\/index.php?rest_route=%2Fwp%2Fv2%2Fmedia&parent=253168"}],"wp:term":[{"taxonomy":"category","embeddable":true,"href":"https:\/\/diariodominicano.com\/index.php?rest_route=%2Fwp%2Fv2%2Fcategories&post=253168"},{"taxonomy":"post_tag","embeddable":true,"href":"https:\/\/diariodominicano.com\/index.php?rest_route=%2Fwp%2Fv2%2Ftags&post=253168"}],"curies":[{"name":"wp","href":"https:\/\/api.w.org\/{rel}","templated":true}]}}