{"id":253167,"date":"2015-09-13T22:43:46","date_gmt":"2015-09-13T22:43:46","guid":{"rendered":"http:\/\/diariodominicano.ddns.net\/?p=253167"},"modified":"2015-09-13T22:43:46","modified_gmt":"2015-09-13T22:43:46","slug":"ordenan-evacuar-a-visitantes-cerca-de-monte-aso","status":"publish","type":"post","link":"https:\/\/diariodominicano.com\/?p=253167","title":{"rendered":"Ordenan evacuar a visitantes cerca de Monte Aso"},"content":{"rendered":"<p><body><\/p>\n<p><img decoding=\"async\" src=\"http:\/\/localhost:8080\/internacional\/img3\/Volc%C3%83%C2%A1n-Jap.jpg\" \/>  <\/p>\n<p><span class=\"text1noticias\"> <\/span><\/p>\n<p><span class=\"text1noticias\">La Agencia meteorol\u00f3gica de Jap\u00f3n ha emitido una alerta de nivel 3, en una escala de 5, alrededor del cr\u00e1ter, poco despu\u00e9s de que el volc\u00e1n entrara en erupci\u00f3n a las 09:49 hora local.<\/span><\/p>\n<p><span class=\"text1noticias\"> <\/span><\/p>\n<p><span class=\"text1noticias\">Seg\u00fan la informaci\u00f3n disponible existe riesgo de desprendimiento de rocas y por la columna de humo.<\/span><\/p>\n<p><span class=\"text1noticias\"> <\/span><\/p>\n<p><span class=\"text1noticias\">Im\u00e1genes del canal de televisi\u00f3n nacional nip\u00f3n NHK muestran autobuses de turistas y veh\u00edculos de otros visitantes en el \u00e1rea de servicio cerca del volc\u00e1n.<\/span><\/p>\n<p><span class=\"text1noticias\"> <\/span><\/p>\n<p><span class=\"text1noticias\">No se han registrado heridos por el momento.<\/span><\/p>\n<p><span class=\"text1noticias\"> <\/span><\/p>\n<p><span class=\"text1noticias\">El volc\u00e1n entr\u00f3 en erupci\u00f3n por \u00faltima vez el pasado 8 de agosto, con una alerta de nivel 2.<\/span><\/p>\n<p><span class=\"text1noticias\"> <\/span><\/p>\n<p><span class=\"text1noticias\">Jap\u00f3n se encuentra situado en el Anillo de Fuego del Pac\u00edfico, que alberga m\u00e1s de 100 volcanes ac<\/span>tivos.<\/p>\n<h6> 2015-09-13 22:43:46 <\/h6>\n<p><!--\n<link rel=\"stylesheet\" href=\"css\/bootstrap.min.css\">\n\n\n<ul class=\"pagination\">\n\t    \n\t\n\n<li >\n\t<a href='?page_no=22811'>Previous<\/a>\n\t<\/li>\n\n\n       \n    \n\n<li><a href='?page_no=1'>1<\/a><\/li>\n\n\n\n<li><a href='?page_no=2'>2<\/a><\/li>\n\n\n\n<li><a>...<\/a><\/li>\n\n\n\n<li><a href='?page_no=22810'>22810<\/a><\/li>\n\n\n\n<li><a href='?page_no=22811'>22811<\/a><\/li>\n\n\n\n<li class='active'><a>22812<\/a><\/li>\n\n\n\n<li><a href='?page_no=22813'>22813<\/a><\/li>\n\n\n\n<li><a href='?page_no=22814'>22814<\/a><\/li>\n\n\n\n<li><a>...<\/a><\/li>\n\n\n\n<li><a href='?page_no=51012'>51012<\/a><\/li>\n\n\n\n<li><a href='?page_no=51013'>51013<\/a><\/li>\n\n    \n\t\n\n<li >\n\t<a href='?page_no=22813'>Next<\/a>\n\t<\/li>\n\n\n    \n\n<li><a href='?page_no=51013'>Last &rsaquo;&rsaquo;<\/a><\/li>\n\n<\/ul>\n\n\n--><br \/>\n<\/body><\/p>\n","protected":false},"excerpt":{"rendered":"<p>La Agencia meteorol\u00f3gica de Jap\u00f3n ha emitido una alerta de nivel 3, en una escala de 5, alrededor del cr\u00e1ter, poco despu\u00e9s de que el volc\u00e1n entrara en erupci\u00f3n a las 09:49 hora local. Seg\u00fan la informaci\u00f3n disponible existe riesgo de desprendimiento de rocas y por la columna de humo. Im\u00e1genes del canal de televisi\u00f3n [&hellip;]<\/p>\n","protected":false},"author":3,"featured_media":0,"comment_status":"open","ping_status":"open","sticky":false,"template":"","format":"standard","meta":{"footnotes":""},"categories":[23],"tags":[],"class_list":["post-253167","post","type-post","status-publish","format-standard","hentry","category-internacional"],"_links":{"self":[{"href":"https:\/\/diariodominicano.com\/index.php?rest_route=\/wp\/v2\/posts\/253167","targetHints":{"allow":["GET"]}}],"collection":[{"href":"https:\/\/diariodominicano.com\/index.php?rest_route=\/wp\/v2\/posts"}],"about":[{"href":"https:\/\/diariodominicano.com\/index.php?rest_route=\/wp\/v2\/types\/post"}],"author":[{"embeddable":true,"href":"https:\/\/diariodominicano.com\/index.php?rest_route=\/wp\/v2\/users\/3"}],"replies":[{"embeddable":true,"href":"https:\/\/diariodominicano.com\/index.php?rest_route=%2Fwp%2Fv2%2Fcomments&post=253167"}],"version-history":[{"count":0,"href":"https:\/\/diariodominicano.com\/index.php?rest_route=\/wp\/v2\/posts\/253167\/revisions"}],"wp:attachment":[{"href":"https:\/\/diariodominicano.com\/index.php?rest_route=%2Fwp%2Fv2%2Fmedia&parent=253167"}],"wp:term":[{"taxonomy":"category","embeddable":true,"href":"https:\/\/diariodominicano.com\/index.php?rest_route=%2Fwp%2Fv2%2Fcategories&post=253167"},{"taxonomy":"post_tag","embeddable":true,"href":"https:\/\/diariodominicano.com\/index.php?rest_route=%2Fwp%2Fv2%2Ftags&post=253167"}],"curies":[{"name":"wp","href":"https:\/\/api.w.org\/{rel}","templated":true}]}}