{"id":253166,"date":"2015-09-14T13:18:56","date_gmt":"2015-09-14T13:18:56","guid":{"rendered":"http:\/\/diariodominicano.ddns.net\/?p=253166"},"modified":"2015-09-14T13:18:56","modified_gmt":"2015-09-14T13:18:56","slug":"david-cameron-demanda-en-libano-mas-y-mejor-ayuda-a-refugiados-sirios","status":"publish","type":"post","link":"https:\/\/diariodominicano.com\/?p=253166","title":{"rendered":"&#13;&#13;David Cameron demanda en L\u00edbano m\u00e1s y mejor ayuda a refugiados sirios"},"content":{"rendered":"<p><body><\/p>\n<p><img decoding=\"async\" src=\"img3\/david-cameron2.jpg\" \/>  <\/p>\n<p><span class=\"text1noticias\">\t<\/span><\/p>\n<p><span class=\"text1noticias\">  <\/span><\/p>\n<p><span class=\"text1noticias\"> David Cameron demanda en L\u00edbano m\u00e1s y mejor ayuda a refugiados siriosBeirut, 14 sep (PL) El primer ministro brit\u00e1nico, David Cameron, finaliz\u00f3 hoy una breve visita a El L\u00edbano que le bast\u00f3, seg\u00fan dijo, para conocer de primera mano las necesidades de los refugiados sirios, y procurarles m\u00e1s y mejor asistencia.<\/span><\/p>\n<\/p>\n<p><span class=\"text1noticias\">Cameron aprovech\u00f3 su estancia de menos de cinco horas para conversar con su hom\u00f3logo liban\u00e9s, Tammam Salam, visitar campamentos de refugiados sirios en Terbol, en el este del pa\u00eds, y escuelas p\u00fablicas en el norte de Metn donde comparti\u00f3 con ni\u00f1os sirios junto al titular de Educaci\u00f3n, El\u00edas Bou Saab.<\/span><\/p>\n<\/p>\n<p><span class=\"text1noticias\">Tambi\u00e9n habl\u00f3 con el comandante del Ej\u00e9rcito liban\u00e9s, general Jean Qahwaji, en la base a\u00e9rea de Rayaq, apunt\u00f3 la agencia de informaci\u00f3n NNA.<\/span><\/p>\n<\/p>\n<p><span class=\"text1noticias\">\u00abVine para ver y escuchar por m\u00ed mismo relatos de refugiados y qu\u00e9 necesitan. Gran Breta\u00f1a es ya el segundo mayor donante para campamentos de refugiados en toda esta crisis, ayudando realmente con significativa cantidad de dinero de un modo que no hacen muchos otros pa\u00edses\u00bb, coment\u00f3.<\/span><\/p>\n<\/p>\n<p><span class=\"text1noticias\">Antes de viajar a Amm\u00e1n, la capital de Jordania, en el mismo avi\u00f3n privado que lo trajo a Beirut, el mandatario expres\u00f3 respaldo a las autoridades libanesas que acogen a casi 1,5 millones de sirios que huyeron de la guerra en su pa\u00eds, a pesar de los problemas internos de El L\u00edbano.<\/span><\/p>\n<\/p>\n<p><span class=\"text1noticias\">Gran Breta\u00f1a apoya al primer ministro Salam y la elecci\u00f3n de un presidente es obligatoria, subray\u00f3 Cameron tras la pl\u00e1tica con su anfitri\u00f3n, ocasi\u00f3n que aprovech\u00f3 para subrayar que Londres ya don\u00f3 30 millones de libras esterlinas para ayudar a los refugiados sirios aqu\u00ed y apoya la lucha antiterrorista.<\/span><\/p>\n<\/p>\n<p><span class=\"text1noticias\">Ese monto es una parte del paquete adicional de 100 millones de libras esterlinas (equivalentes a 153 millones de d\u00f3lares) para esas personas afectadas por m\u00e1s de cuatro a\u00f1os y medio de beligerancia en Siria, seg\u00fan anunci\u00f3 la semana pasada la oficina del primer ministro brit\u00e1nico.<\/span><\/p>\n<\/p>\n<p><span class=\"text1noticias\">De ese total, 40 millones de libras se destinar\u00e1n a la ONU y otras agencias no gubernamentales que trabajan con los refugiados en Jordania, El L\u00edbano y Turqu\u00eda, toda vez que para los afectados ese dinero significa un alimento para sus familia, la seguridad de una vivienda con agua y sanidad b\u00e1sicas, apunt\u00f3.<\/span><\/p>\n<\/p>\n<p><span class=\"text1noticias\">\u00abSeguiremos haciendo esto, incluido el incremento del monto de dinero que estamos dando para educar a ni\u00f1os sirios aqu\u00ed en El L\u00edbano y en otros lugares. Pienso que es absolutamente vital\u00bb, remarc\u00f3 al recordar que su pa\u00eds ya acogi\u00f3 a cinco mil refugiados de ese origen desde 2011, y recibir\u00e1 a otros 20 mil.<\/span><\/p>\n<\/p>\n<p><span class=\"text1noticias\">En opini\u00f3n de Cameron, sin la inversi\u00f3n brit\u00e1nica en el desarrollo internacional, el n\u00famero de personas que buscan embarcarse en peligrosos viajes hacia Europa ser\u00e1 mucho mayor.<\/span><\/p>\n<\/p>\n<p><span class=\"text1noticias\">La visita a El L\u00edbano coincidi\u00f3 con el anuncio de Downing Street, desde del gobierno brit\u00e1nico, de que la reina Isabel II aprob\u00f3 el nombramiento del diputado Richard Harrington como ministro para tratar espec\u00edficamente a los 20 mil refugiados sirios que llegar\u00e1n en los pr\u00f3ximos cinco a\u00f1os.<\/span><\/p>\n<\/p>\n<p><span class=\"text1noticias\">Esos desplazados ser\u00e1n trasladados de campamentos en pa\u00edses fronterizos con Siria a nuevos localidades que decidir\u00e1 Londres, ahora bajo la atenci\u00f3n de Harrington, explic\u00f3 a Prensa Latina una fuente brit\u00e1nica en Beirut.<\/span><\/p>\n<h6> 2015-09-14 13:18:56 <\/h6>\n<p><!--\n<link rel=\"stylesheet\" href=\"css\/bootstrap.min.css\">\n\n\n<ul class=\"pagination\">\n\t    \n\t\n\n<li >\n\t<a href='?page_no=22810'>Previous<\/a>\n\t<\/li>\n\n\n       \n    \n\n<li><a href='?page_no=1'>1<\/a><\/li>\n\n\n\n<li><a href='?page_no=2'>2<\/a><\/li>\n\n\n\n<li><a>...<\/a><\/li>\n\n\n\n<li><a href='?page_no=22809'>22809<\/a><\/li>\n\n\n\n<li><a href='?page_no=22810'>22810<\/a><\/li>\n\n\n\n<li class='active'><a>22811<\/a><\/li>\n\n\n\n<li><a href='?page_no=22812'>22812<\/a><\/li>\n\n\n\n<li><a href='?page_no=22813'>22813<\/a><\/li>\n\n\n\n<li><a>...<\/a><\/li>\n\n\n\n<li><a href='?page_no=51012'>51012<\/a><\/li>\n\n\n\n<li><a href='?page_no=51013'>51013<\/a><\/li>\n\n    \n\t\n\n<li >\n\t<a href='?page_no=22812'>Next<\/a>\n\t<\/li>\n\n\n    \n\n<li><a href='?page_no=51013'>Last &rsaquo;&rsaquo;<\/a><\/li>\n\n<\/ul>\n\n\n--><br \/>\n<\/body><\/p>\n","protected":false},"excerpt":{"rendered":"<p>David Cameron demanda en L\u00edbano m\u00e1s y mejor ayuda a refugiados siriosBeirut, 14 sep (PL) El primer ministro brit\u00e1nico, David Cameron, finaliz\u00f3 hoy una breve visita a El L\u00edbano que le bast\u00f3, seg\u00fan dijo, para conocer de primera mano las necesidades de los refugiados sirios, y procurarles m\u00e1s y mejor asistencia. Cameron aprovech\u00f3 su estancia [&hellip;]<\/p>\n","protected":false},"author":3,"featured_media":0,"comment_status":"open","ping_status":"open","sticky":false,"template":"","format":"standard","meta":{"footnotes":""},"categories":[23],"tags":[],"class_list":["post-253166","post","type-post","status-publish","format-standard","hentry","category-internacional"],"_links":{"self":[{"href":"https:\/\/diariodominicano.com\/index.php?rest_route=\/wp\/v2\/posts\/253166","targetHints":{"allow":["GET"]}}],"collection":[{"href":"https:\/\/diariodominicano.com\/index.php?rest_route=\/wp\/v2\/posts"}],"about":[{"href":"https:\/\/diariodominicano.com\/index.php?rest_route=\/wp\/v2\/types\/post"}],"author":[{"embeddable":true,"href":"https:\/\/diariodominicano.com\/index.php?rest_route=\/wp\/v2\/users\/3"}],"replies":[{"embeddable":true,"href":"https:\/\/diariodominicano.com\/index.php?rest_route=%2Fwp%2Fv2%2Fcomments&post=253166"}],"version-history":[{"count":0,"href":"https:\/\/diariodominicano.com\/index.php?rest_route=\/wp\/v2\/posts\/253166\/revisions"}],"wp:attachment":[{"href":"https:\/\/diariodominicano.com\/index.php?rest_route=%2Fwp%2Fv2%2Fmedia&parent=253166"}],"wp:term":[{"taxonomy":"category","embeddable":true,"href":"https:\/\/diariodominicano.com\/index.php?rest_route=%2Fwp%2Fv2%2Fcategories&post=253166"},{"taxonomy":"post_tag","embeddable":true,"href":"https:\/\/diariodominicano.com\/index.php?rest_route=%2Fwp%2Fv2%2Ftags&post=253166"}],"curies":[{"name":"wp","href":"https:\/\/api.w.org\/{rel}","templated":true}]}}