{"id":253165,"date":"2015-09-14T13:24:14","date_gmt":"2015-09-14T13:24:14","guid":{"rendered":"http:\/\/diariodominicano.ddns.net\/?p=253165"},"modified":"2015-09-14T13:24:14","modified_gmt":"2015-09-14T13:24:14","slug":"cuba-organizara-reunion-de-las-americas-de-la-omt","status":"publish","type":"post","link":"https:\/\/diariodominicano.com\/?p=253165","title":{"rendered":"&#13;Cuba organizar\u00e1 reuni\u00f3n de las Am\u00e9ricas de la OMT"},"content":{"rendered":"<p><body><\/p>\n<p><img decoding=\"async\" src=\"img3\/inauguracionomt.gif\" \/>  <\/p>\n<\/p>\n<\/p>\n<p><span class=\"text1noticias\">  <\/span><\/p>\n<p><span class=\"text1noticias\">Bogot\u00e1, 14 sep (PL) Cuba fue designada para organizar la pr\u00f3xima reuni\u00f3n regional de las Am\u00e9rica de la Organizaci\u00f3n Mundial de Turismo (OMT), a prop\u00f3sito de la XXI Asamblea General de esa instituci\u00f3n internacional, que fue inaugurada hoy en Medell\u00edn.<\/span><\/p>\n<\/p>\n<p><span class=\"text1noticias\">Turismo y sustentabilidad en evento internacional de Cuba<\/span><\/p>\n<p><span class=\"text1noticias\"> <\/span><\/p>\n<\/p>\n<p><span class=\"text1noticias\">A la cita de la capital del occidental departamento de Antioquia Asiste una delegaci\u00f3n de la isla antillana, presidida por el ministro de Turismo, Manuel Marrero.<\/span><\/p>\n<\/p>\n<p><span class=\"text1noticias\">En la oportunidad, M\u00e9xico fue electa a su vez en Medell\u00edn para integrar el Comit\u00e9 Ejecutivo de la Comisi\u00f3n Regional de las Am\u00e9ricas de la OMT.<\/span><\/p>\n<\/p>\n<p><span class=\"text1noticias\">En esta cita ministerial de la industria de la hospitalidad se inform\u00f3 que el ministro cubano sostuvo un encuentro con Enrique de la Madrid, secretario de Turismo de M\u00e9xico, con quien abordo la posibilidad de aumentar la colaboraci\u00f3n bilateral en esta esfera.<\/span><\/p>\n<\/p>\n<p><span class=\"text1noticias\">Tanto Marrero, como de la Madrid, sostuvieron encuentros con el Secretario General de la OMT, el jordano Taleb Rifai, de acuerdo con un bolet\u00edn del sistema informativo de esta Asamblea General, con sede en Colombia hasta el pr\u00f3ximo jueves.<\/span><\/p>\n<\/p>\n<p><span class=\"text1noticias\">La anterior 58 cita de la OMT para el Hemisferio Occidental se efectu\u00f3 en mayo del 2015 en Puerto Pr\u00edncipe, Hait\u00ed.<\/span><\/p>\n<\/p>\n<p><span class=\"text1noticias\">A prop\u00f3sito de su estancia en Medell\u00edn, el secretario de Turismo de M\u00e9xico sostuvo, por otra parte, un encuentro con el Ministerio de Cultura y el de Turismo de Francia, Michel Durrieu, en el que las partes examinaron la marcha de los acuerdos existentes en esta materia entre las partes.<\/span><\/p>\n<\/p>\n<p><span class=\"text1noticias\">La Asamblea General fue inaugurada este lunes a primera hora, con la presencia del presidente de Colombia, Juan Manuel Santos y su ministra de Comercio, Industria y Turismo, Cecilia \u00c1lvarez.<\/span><\/p>\n<\/p>\n<p><span class=\"text1noticias\">Como invitada especial asiste a esta cumbre internacional del turismo, con participaci\u00f3n de ministros de 72 pa\u00edses, la titular de la Organizaci\u00f3n de Aviaci\u00f3n Civil Internacional (OACI), Fang Liu, de China.<\/span><\/p>\n<\/p>\n<p><span class=\"text1noticias\">En esta cita, funcionarios de la OACI informaron que este a\u00f1o se duplicar\u00e1n los vuelos de aviones a nivel mundial, por lo que deber\u00e1n ser elevadas como nunca las medidas de seguridad de la aeron\u00e1utica.<\/span><\/p>\n<\/p>\n<p><span class=\"text1noticias\">El Secretario General de la ONU, Ban Ki-Moon, envi\u00f3 un mensaje televisivo al encuentro tur\u00edstico mundial de Medell\u00edn, que fue proyectado en la ceremonia inaugural.<\/span><\/p>\n<h6> 2015-09-14 13:24:14 <\/h6>\n<p><!--\n<link rel=\"stylesheet\" href=\"css\/bootstrap.min.css\">\n\n\n<ul class=\"pagination\">\n\t    \n\t\n\n<li >\n\t<a href='?page_no=22809'>Previous<\/a>\n\t<\/li>\n\n\n       \n    \n\n<li><a href='?page_no=1'>1<\/a><\/li>\n\n\n\n<li><a href='?page_no=2'>2<\/a><\/li>\n\n\n\n<li><a>...<\/a><\/li>\n\n\n\n<li><a href='?page_no=22808'>22808<\/a><\/li>\n\n\n\n<li><a href='?page_no=22809'>22809<\/a><\/li>\n\n\n\n<li class='active'><a>22810<\/a><\/li>\n\n\n\n<li><a href='?page_no=22811'>22811<\/a><\/li>\n\n\n\n<li><a href='?page_no=22812'>22812<\/a><\/li>\n\n\n\n<li><a>...<\/a><\/li>\n\n\n\n<li><a href='?page_no=51012'>51012<\/a><\/li>\n\n\n\n<li><a href='?page_no=51013'>51013<\/a><\/li>\n\n    \n\t\n\n<li >\n\t<a href='?page_no=22811'>Next<\/a>\n\t<\/li>\n\n\n    \n\n<li><a href='?page_no=51013'>Last &rsaquo;&rsaquo;<\/a><\/li>\n\n<\/ul>\n\n\n--><br \/>\n<\/body><\/p>\n","protected":false},"excerpt":{"rendered":"<p>Bogot\u00e1, 14 sep (PL) Cuba fue designada para organizar la pr\u00f3xima reuni\u00f3n regional de las Am\u00e9rica de la Organizaci\u00f3n Mundial de Turismo (OMT), a prop\u00f3sito de la XXI Asamblea General de esa instituci\u00f3n internacional, que fue inaugurada hoy en Medell\u00edn. Turismo y sustentabilidad en evento internacional de Cuba A la cita de la capital del [&hellip;]<\/p>\n","protected":false},"author":3,"featured_media":0,"comment_status":"open","ping_status":"open","sticky":false,"template":"","format":"standard","meta":{"footnotes":""},"categories":[23],"tags":[],"class_list":["post-253165","post","type-post","status-publish","format-standard","hentry","category-internacional"],"_links":{"self":[{"href":"https:\/\/diariodominicano.com\/index.php?rest_route=\/wp\/v2\/posts\/253165","targetHints":{"allow":["GET"]}}],"collection":[{"href":"https:\/\/diariodominicano.com\/index.php?rest_route=\/wp\/v2\/posts"}],"about":[{"href":"https:\/\/diariodominicano.com\/index.php?rest_route=\/wp\/v2\/types\/post"}],"author":[{"embeddable":true,"href":"https:\/\/diariodominicano.com\/index.php?rest_route=\/wp\/v2\/users\/3"}],"replies":[{"embeddable":true,"href":"https:\/\/diariodominicano.com\/index.php?rest_route=%2Fwp%2Fv2%2Fcomments&post=253165"}],"version-history":[{"count":0,"href":"https:\/\/diariodominicano.com\/index.php?rest_route=\/wp\/v2\/posts\/253165\/revisions"}],"wp:attachment":[{"href":"https:\/\/diariodominicano.com\/index.php?rest_route=%2Fwp%2Fv2%2Fmedia&parent=253165"}],"wp:term":[{"taxonomy":"category","embeddable":true,"href":"https:\/\/diariodominicano.com\/index.php?rest_route=%2Fwp%2Fv2%2Fcategories&post=253165"},{"taxonomy":"post_tag","embeddable":true,"href":"https:\/\/diariodominicano.com\/index.php?rest_route=%2Fwp%2Fv2%2Ftags&post=253165"}],"curies":[{"name":"wp","href":"https:\/\/api.w.org\/{rel}","templated":true}]}}