{"id":253164,"date":"2015-09-14T13:35:40","date_gmt":"2015-09-14T13:35:40","guid":{"rendered":"http:\/\/diariodominicano.ddns.net\/?p=253164"},"modified":"2015-09-14T13:35:40","modified_gmt":"2015-09-14T13:35:40","slug":"ucrania-anuncia-desmovilizacion-militar-a-gran-escala","status":"publish","type":"post","link":"https:\/\/diariodominicano.com\/?p=253164","title":{"rendered":"&#13;Ucrania anuncia desmovilizaci\u00f3n militar a gran escala"},"content":{"rendered":"<p><body><\/p>\n<p><img decoding=\"async\" src=\"img3\/ucrania_piotrporoshenko.jpg\" \/>  <\/p>\n<p><span class=\"text1noticias\"> <\/span><\/p>\n<\/p>\n<p><span class=\"text1noticias\">Felicit\u00f3 Poroshenko a quienes calific\u00f3 de \u00abh\u00e9roes\u00bb y les agradeci\u00f3 su participaci\u00f3n en la represi\u00f3n contra la poblaci\u00f3n de las regiones rebeldes, en declaraciones a la televisi\u00f3n.<\/span><\/p>\n<\/p>\n<p><span class=\"text1noticias\">Al propio tiempo, el gobernante advirti\u00f3 a trav\u00e9s del canal de televisi\u00f3n 112 Ukraina que las autoridades de Kiev no aprobar\u00e1n las enmiendas constitucionales sobre descentralizaci\u00f3n del pa\u00eds en caso de que se reporten nuevos combates en el Donbass (sureste de Ucrania).<\/span><\/p>\n<\/p>\n<p><span class=\"text1noticias\">Si hay guerra habr\u00e1 ley marcial y no se realizar\u00e1 ning\u00fan cambio en la Constituci\u00f3n. Mientras rija la ley militar, esto es ilegal, recalc\u00f3.<\/span><\/p>\n<\/p>\n<p><span class=\"text1noticias\">Dej\u00f3 entrever que la Rada Suprema (Parlamento unicameral) podr\u00eda fijar una nueva fecha para los comicios locales en Donbass, los cuales no se realizar\u00edan el 25 de octubre en ese territorio.<\/span><\/p>\n<\/p>\n<p><span class=\"text1noticias\">No podemos garantizar el trabajo de los medios de informaci\u00f3n ucranianos, los partidos pol\u00edticos, la seguridad de la gente, explic\u00f3 Poroshenko.<\/span><\/p>\n<\/p>\n<p><span class=\"text1noticias\">Las estructuras llegadas al poder en Ucrania despu\u00e9s del golpe de estado del 22 de febrero de 2014 anunciaron para el 25 de octubre pr\u00f3ximo los comicios locales, los cuales seg\u00fan sus planes no se realizar\u00e1n en esa fecha en las insurgentes Rep\u00fablicas Populares de Donetsk (RPD) y de Lugansk (RPL).<\/span><\/p>\n<\/p>\n<p><span class=\"text1noticias\">Por su parte, la RPD inform\u00f3 que realizar\u00e1 su ejercicio electoral el 18 de octubre, y la RPL el 1 de noviembre, en ambos casos fuera del control de Kiev.<\/span><\/p>\n<\/p>\n<p><span class=\"text1noticias\">Desde el 1 de septiembre, se observa en el Donbass un cumplimiento del cese el fuego, lo cual es presentado por medios period\u00edsticos como un cumplimiento real de los acuerdos de Minsk.<\/span><\/p>\n<\/p>\n<p><span class=\"text1noticias\">El canciller ruso, Serguei Lavrov, asegur\u00f3 ayer que en la reuni\u00f3n sostenida en Berl\u00edn con sus pares de Alemania, Francia y Ucrania observ\u00f3 optimismo sobre el cumplimiento del armisticio en Donbass.<\/span><\/p>\n<\/p>\n<p><span class=\"text1noticias\">Se ha respetado en gran medida, pese a casos puntuales de violaciones, pero en general evaluamos de manera positiva la situaci\u00f3n, afirm\u00f3 en referencia al encuentro con sus pares del denominado formato de Normand\u00eda.<\/span><\/p>\n<\/p>\n<p><span class=\"text1noticias\">Por su parte, el titular ucraniano de Asuntos Exteriores, Pavlo Klimkin, insisti\u00f3 en la exigencia de que la RPD y la RPL realicen los comicios bajo control de Kiev el 25 de octubre, y no el 18 de ese mes y el 1 de noviembre.<\/span><\/p>\n<\/p>\n<p><span class=\"text1noticias\">Klimkin calific\u00f3 de \u00abterroristas llegados desde Rusia\u00bb a los actuales gobernantes de las zonas rebeldes, y reiter\u00f3 que ninguno debe encontrarse en los \u00f3rganos locales del poder.<\/span><\/p>\n<\/p>\n<p><span class=\"text1noticias\">Poroshenko insiste en que la RPD y la RPL deben subordinarse a las leyes de Kiev y renunciar a realizar comicios por iniciativa propia.<\/span><\/p>\n<h6> 2015-09-14 13:35:40 <\/h6>\n<p><!--\n<link rel=\"stylesheet\" href=\"css\/bootstrap.min.css\">\n\n\n<ul class=\"pagination\">\n\t    \n\t\n\n<li >\n\t<a href='?page_no=22808'>Previous<\/a>\n\t<\/li>\n\n\n       \n    \n\n<li><a href='?page_no=1'>1<\/a><\/li>\n\n\n\n<li><a href='?page_no=2'>2<\/a><\/li>\n\n\n\n<li><a>...<\/a><\/li>\n\n\n\n<li><a href='?page_no=22807'>22807<\/a><\/li>\n\n\n\n<li><a href='?page_no=22808'>22808<\/a><\/li>\n\n\n\n<li class='active'><a>22809<\/a><\/li>\n\n\n\n<li><a href='?page_no=22810'>22810<\/a><\/li>\n\n\n\n<li><a href='?page_no=22811'>22811<\/a><\/li>\n\n\n\n<li><a>...<\/a><\/li>\n\n\n\n<li><a href='?page_no=51012'>51012<\/a><\/li>\n\n\n\n<li><a href='?page_no=51013'>51013<\/a><\/li>\n\n    \n\t\n\n<li >\n\t<a href='?page_no=22810'>Next<\/a>\n\t<\/li>\n\n\n    \n\n<li><a href='?page_no=51013'>Last &rsaquo;&rsaquo;<\/a><\/li>\n\n<\/ul>\n\n\n--><br \/>\n<\/body><\/p>\n","protected":false},"excerpt":{"rendered":"<p>Felicit\u00f3 Poroshenko a quienes calific\u00f3 de \u00abh\u00e9roes\u00bb y les agradeci\u00f3 su participaci\u00f3n en la represi\u00f3n contra la poblaci\u00f3n de las regiones rebeldes, en declaraciones a la televisi\u00f3n. Al propio tiempo, el gobernante advirti\u00f3 a trav\u00e9s del canal de televisi\u00f3n 112 Ukraina que las autoridades de Kiev no aprobar\u00e1n las enmiendas constitucionales sobre descentralizaci\u00f3n del pa\u00eds [&hellip;]<\/p>\n","protected":false},"author":3,"featured_media":0,"comment_status":"open","ping_status":"open","sticky":false,"template":"","format":"standard","meta":{"footnotes":""},"categories":[23],"tags":[],"class_list":["post-253164","post","type-post","status-publish","format-standard","hentry","category-internacional"],"_links":{"self":[{"href":"https:\/\/diariodominicano.com\/index.php?rest_route=\/wp\/v2\/posts\/253164","targetHints":{"allow":["GET"]}}],"collection":[{"href":"https:\/\/diariodominicano.com\/index.php?rest_route=\/wp\/v2\/posts"}],"about":[{"href":"https:\/\/diariodominicano.com\/index.php?rest_route=\/wp\/v2\/types\/post"}],"author":[{"embeddable":true,"href":"https:\/\/diariodominicano.com\/index.php?rest_route=\/wp\/v2\/users\/3"}],"replies":[{"embeddable":true,"href":"https:\/\/diariodominicano.com\/index.php?rest_route=%2Fwp%2Fv2%2Fcomments&post=253164"}],"version-history":[{"count":0,"href":"https:\/\/diariodominicano.com\/index.php?rest_route=\/wp\/v2\/posts\/253164\/revisions"}],"wp:attachment":[{"href":"https:\/\/diariodominicano.com\/index.php?rest_route=%2Fwp%2Fv2%2Fmedia&parent=253164"}],"wp:term":[{"taxonomy":"category","embeddable":true,"href":"https:\/\/diariodominicano.com\/index.php?rest_route=%2Fwp%2Fv2%2Fcategories&post=253164"},{"taxonomy":"post_tag","embeddable":true,"href":"https:\/\/diariodominicano.com\/index.php?rest_route=%2Fwp%2Fv2%2Ftags&post=253164"}],"curies":[{"name":"wp","href":"https:\/\/api.w.org\/{rel}","templated":true}]}}