{"id":253161,"date":"2015-09-15T13:35:59","date_gmt":"2015-09-15T13:35:59","guid":{"rendered":"http:\/\/diariodominicano.ddns.net\/?p=253161"},"modified":"2015-09-15T13:35:59","modified_gmt":"2015-09-15T13:35:59","slug":"seminarista-dominicano-sostendra-el-microfono-del-papa-en-manhattan","status":"publish","type":"post","link":"https:\/\/diariodominicano.com\/?p=253161","title":{"rendered":"&#13;Seminarista dominicano sostendr\u00e1 el micr\u00f3fono del papa en Manhattan"},"content":{"rendered":"<p><body><\/p>\n<p>Nueva York 15 septiembre.- Le tiemblan las rodillas de s\u00f3lo pensarlo. Ojal\u00e1 no le tiemble el pulso llegado el momento.<\/p>\n<\/p>\n<p>Osvaldo Hern\u00e1ndez, un alumno dominicano de un seminario eclesi\u00e1stico, ser\u00e1 el encargado de sostener el micr\u00f3fono al papa Francisco cuando el pont\u00edfice hable en la catedral de San Patricio, en Manhattan, el pr\u00f3ximo 24 de septiembre.<\/p>\n<\/p>\n<p>\u00abTodo el mundo me dice &#8216;\u00a1t\u00f3mate una selfie con el papa!\u00bb&#8217;, dijo el joven de 28 a\u00f1os a The Associated Press entre risas.<\/p>\n<\/p>\n<p>\u00abEs muy emocionante&#8230; \u00bfY qu\u00e9 tal que el papa me diga algo? O si me dice &#8216;traduce esto para m\u00ed&#8217;. O &#8216;\u00bfc\u00f3mo se dice esto?&#8217; Porque va a ser un servicio en ingl\u00e9s y en espa\u00f1ol\u00bb, agreg\u00f3.<\/p>\n<\/p>\n<p>Hern\u00e1ndez, quien est\u00e1 en su segundo a\u00f1o de estudios en el seminario de San Jos\u00e9 en Yonkers, a las afueras de Nueva York, habla r\u00e1pido y con emoci\u00f3n sobre la tarea que el seminario le ha encomendado. Y es que no cada d\u00eda uno est\u00e1 a un metro de distancia de Francisco.<\/p>\n<\/p>\n<p>\u00abMis amigos me dicen que tenga cuidado, por si le pego con el micr\u00f3fono en los dientes\u00bb, brome\u00f3.<\/p>\n<\/p>\n<p>El dominicano, nacido en Santiago de los Caballeros y quien vive en Estados Unidos desde 2006, se enter\u00f3 de que hab\u00eda sido escogido para la tarea en julio.<\/p>\n<\/p>\n<p>Todos los j\u00f3venes seminaristas en San Jos\u00e9 jugar\u00e1n alg\u00fan papel durante las V\u00edsperas que el papa dar\u00e1 en San Patricio o en la misa que dirigir\u00e1 al d\u00eda siguiente en el estadio Madison Square Garden. Desde esparcir incienso, recibir a la gente en las puertas de entrada o cantar, las tareas son muchas. Pero quiz\u00e1s la m\u00e1s protag\u00f3nica es la de sostener el micr\u00f3fono por el que habla el pont\u00edfice.<\/p>\n<\/p>\n<p>El reverendo mexicano Luis Salda\u00f1a, director espiritual del seminario, dijo a AP que no se escogi\u00f3 a Hern\u00e1ndez por ninguna raz\u00f3n en especial. Simplemente se design\u00f3 a cada seminarista con una tarea espec\u00edfica. De los 97 j\u00f3venes del seminario, 17 son hispanos.<\/p>\n<\/p>\n<p>Francisco visitar\u00e1 Estados Unidos a fines de septiembre, pasando por Washington, Nueva York y Filadelfia. Las v\u00edsperas en San Patricio ser\u00e1n el primer acto del pont\u00edfice en Nueva York. Francisco hablar\u00e1 ante las Naciones Unidas al d\u00eda siguiente, adem\u00e1s de protagonizar una procesi\u00f3n en Central Park, dar misa en Madison Square Garden y hablar con inmigrantes en una escuela de Harlem.<\/p>\n<\/p>\n<p>En Santiago de los Caballeros, Hern\u00e1ndez cantaba en el coro de una iglesia local a los 14 a\u00f1os cuando empez\u00f3 su inquietud vocacional, explic\u00f3. Ingres\u00f3 en Estados Unidos con una tarjeta de residencia permanente que logr\u00f3 a trav\u00e9s de su abuela, quien hizo la petici\u00f3n para que la obtuvieran sus familiares.<\/p>\n<\/p>\n<p>Dentro de dos a\u00f1os, cuando termine sus estudios, ser\u00e1 destinado a ser reverendo en alguna parroquia de la di\u00f3cesis de Nueva York.<\/p>\n<\/p>\n<p>Hern\u00e1ndez dijo que no sabe exactamente durante cu\u00e1nto tiempo sostendr\u00e1 el micr\u00f3fono pero explic\u00f3 que el pont\u00edfice lo necesitar\u00e1 durante una oraci\u00f3n inicial, cuando d\u00e9 su homil\u00eda, cuando lea.<\/p>\n<\/p>\n<p>\u00abEs decir, cada vez que hable. Va a ser un ratito\u00bb, se\u00f1al\u00f3. \u00abY una adrenalina que ya la estoy sintiendo\u00bb.<\/p>\n<\/p>\n<h6> 2015-09-15 13:35:59 <\/h6>\n<p><!--\n<link rel=\"stylesheet\" href=\"css\/bootstrap.min.css\">\n\n\n<ul class=\"pagination\">\n\t    \n\t\n\n<li >\n\t<a href='?page_no=22805'>Previous<\/a>\n\t<\/li>\n\n\n       \n    \n\n<li><a href='?page_no=1'>1<\/a><\/li>\n\n\n\n<li><a href='?page_no=2'>2<\/a><\/li>\n\n\n\n<li><a>...<\/a><\/li>\n\n\n\n<li><a href='?page_no=22804'>22804<\/a><\/li>\n\n\n\n<li><a href='?page_no=22805'>22805<\/a><\/li>\n\n\n\n<li class='active'><a>22806<\/a><\/li>\n\n\n\n<li><a href='?page_no=22807'>22807<\/a><\/li>\n\n\n\n<li><a href='?page_no=22808'>22808<\/a><\/li>\n\n\n\n<li><a>...<\/a><\/li>\n\n\n\n<li><a href='?page_no=51012'>51012<\/a><\/li>\n\n\n\n<li><a href='?page_no=51013'>51013<\/a><\/li>\n\n    \n\t\n\n<li >\n\t<a href='?page_no=22807'>Next<\/a>\n\t<\/li>\n\n\n    \n\n<li><a href='?page_no=51013'>Last &rsaquo;&rsaquo;<\/a><\/li>\n\n<\/ul>\n\n\n--><br \/>\n<\/body><\/p>\n","protected":false},"excerpt":{"rendered":"<p>Nueva York 15 septiembre.- Le tiemblan las rodillas de s\u00f3lo pensarlo. Ojal\u00e1 no le tiemble el pulso llegado el momento. Osvaldo Hern\u00e1ndez, un alumno dominicano de un seminario eclesi\u00e1stico, ser\u00e1 el encargado de sostener el micr\u00f3fono al papa Francisco cuando el pont\u00edfice hable en la catedral de San Patricio, en Manhattan, el pr\u00f3ximo 24 de [&hellip;]<\/p>\n","protected":false},"author":3,"featured_media":0,"comment_status":"open","ping_status":"open","sticky":false,"template":"","format":"standard","meta":{"footnotes":""},"categories":[23],"tags":[],"class_list":["post-253161","post","type-post","status-publish","format-standard","hentry","category-internacional"],"_links":{"self":[{"href":"https:\/\/diariodominicano.com\/index.php?rest_route=\/wp\/v2\/posts\/253161","targetHints":{"allow":["GET"]}}],"collection":[{"href":"https:\/\/diariodominicano.com\/index.php?rest_route=\/wp\/v2\/posts"}],"about":[{"href":"https:\/\/diariodominicano.com\/index.php?rest_route=\/wp\/v2\/types\/post"}],"author":[{"embeddable":true,"href":"https:\/\/diariodominicano.com\/index.php?rest_route=\/wp\/v2\/users\/3"}],"replies":[{"embeddable":true,"href":"https:\/\/diariodominicano.com\/index.php?rest_route=%2Fwp%2Fv2%2Fcomments&post=253161"}],"version-history":[{"count":0,"href":"https:\/\/diariodominicano.com\/index.php?rest_route=\/wp\/v2\/posts\/253161\/revisions"}],"wp:attachment":[{"href":"https:\/\/diariodominicano.com\/index.php?rest_route=%2Fwp%2Fv2%2Fmedia&parent=253161"}],"wp:term":[{"taxonomy":"category","embeddable":true,"href":"https:\/\/diariodominicano.com\/index.php?rest_route=%2Fwp%2Fv2%2Fcategories&post=253161"},{"taxonomy":"post_tag","embeddable":true,"href":"https:\/\/diariodominicano.com\/index.php?rest_route=%2Fwp%2Fv2%2Ftags&post=253161"}],"curies":[{"name":"wp","href":"https:\/\/api.w.org\/{rel}","templated":true}]}}