{"id":253160,"date":"2015-09-15T13:36:29","date_gmt":"2015-09-15T13:36:29","guid":{"rendered":"http:\/\/diariodominicano.ddns.net\/?p=253160"},"modified":"2015-09-15T13:36:29","modified_gmt":"2015-09-15T13:36:29","slug":"bolivia-rechaza-acusacion-de-ee-uu-sobre-tema-de-narcotrafico","status":"publish","type":"post","link":"https:\/\/diariodominicano.com\/?p=253160","title":{"rendered":"&#13;&#13;Bolivia rechaza acusaci\u00f3n de EE.UU. sobre tema de narcotr\u00e1fico"},"content":{"rendered":"<p><body><\/p>\n<p><img decoding=\"async\" src=\"img3\/morales-eeuu.jpg\" \/>  <\/p>\n<\/p>\n<p>La Paz, 15 sep (PL) El presidente Evo Morales manifest\u00f3 hoy aqu\u00ed el rechazo de Bolivia a las acusaciones de Estados Unidos de que incumpli\u00f3 sus compromisos contra el tr\u00e1fico y la producci\u00f3n de drogas.<\/p>\n<\/p>\n<p>El gobierno de Bolivia rechaza rotundamente la acusaci\u00f3n de los Estados Unidos porque la lucha contra el narcotr\u00e1fico de nuestro pa\u00eds es ejemplo para el mundo, resalt\u00f3 Morales en conferencia de prensa en el Palacio de Gobierno.<\/p>\n<\/p>\n<p>Morales remarc\u00f3 que son sobrados los ejemplos del accionar de Bolivia contra ese flagelo y rememor\u00f3 las series de felicitaciones recibidas por organismos internacionales que por el contrario, reconocen el trabajo realizado por el gobierno a trav\u00e9s de la Polic\u00eda Antidroga y la Fuerza Especial de Lucha Contra el Narcotr\u00e1fico (Felcn) para contrarrestar este mal.<\/p>\n<\/p>\n<p>Las declaraciones del mandatario boliviano se deben al informe presentado por el presidente Barack Obama al Congreso de su pa\u00eds en el cual marca a Bolivia, Venezuela y Myanmar, como los pa\u00edses que incumplieron sus compromisos en la lucha contra el narcotr\u00e1fico en los \u00faltimos 12 meses.<\/p>\n<\/p>\n<p>Al respecto Morales asever\u00f3 que Estados Unidos no tiene argumentos s\u00f3lidos para acusar a Bolivia y cataloga su procedimiento como una acci\u00f3n pol\u00edtica que ejerce el Departamento de Estados de ese pa\u00eds.<\/p>\n<\/p>\n<p>Qu\u00e9 es lo que incumplimos, pregunt\u00f3, no tener un centro de rehabilitaci\u00f3n para drogadictos, que la justicia no acompa\u00f1a al gobierno en la lucha contra ese flagelo, es cierto, pero nuestro trabajo es muy diferente al de Estados Unidos en este contexto, porque la realidad muestra que su pol\u00edtica contra el narcotr\u00e1fico es un fracaso en todo el mundo, destac\u00f3.<\/p>\n<\/p>\n<p>Podemos hablar de muchos pa\u00edses que padecen este problema, por ejemplo, en Colombia, que tiene en su territorio siete bases militares estadounidenses y miles de hombres de la DEA, el cultivo de coca creci\u00f3 de 48 mil hect\u00e1reas en 2013 a 62 mil hect\u00e1reas en el \u00faltimo informe de la ONU, mientras en Bolivia baj\u00f3 de 23 mil, a 20 mil. De qu\u00e9 nos acusan, reiter\u00f3.<\/p>\n<\/p>\n<p>Record\u00f3 Morales que cuando la DEA sali\u00f3 de aqu\u00ed dejaron m\u00e1s de 30 mil hect\u00e1reas de coca, y que ahora de esas 20 mil existentes, seg\u00fan el documento de las Naciones Unidas, 15 mil se utilizan para consumo tradicional y solo cinco quedan en manos de los delincuentes.<\/p>\n<\/p>\n<p>El mandatario destaco que estos adelantos se consiguieron sin la intromisi\u00f3n de Estados Unidos y remarc\u00f3 que el programa de Bolivia contra el narcotr\u00e1fico es debatido actualmente en todo el mundo, pero no por un mal trabajo, sino por lo eficiente que ha sido en este sentido, puntualiz\u00f3.<\/p>\n<\/p>\n<p>Reitero, que la lucha contra el narcotr\u00e1fico en Bolivia es modelo para el mundo, por lo cual no aceptamos la acusaci\u00f3n de los Estados Unidos, por dem\u00e1s, el primer infractor en este sentido, afirm\u00f3.<\/p>\n<h6> 2015-09-15 13:36:29 <\/h6>\n<p><!--\n<link rel=\"stylesheet\" href=\"css\/bootstrap.min.css\">\n\n\n<ul class=\"pagination\">\n\t    \n\t\n\n<li >\n\t<a href='?page_no=22804'>Previous<\/a>\n\t<\/li>\n\n\n       \n    \n\n<li><a href='?page_no=1'>1<\/a><\/li>\n\n\n\n<li><a href='?page_no=2'>2<\/a><\/li>\n\n\n\n<li><a>...<\/a><\/li>\n\n\n\n<li><a href='?page_no=22803'>22803<\/a><\/li>\n\n\n\n<li><a href='?page_no=22804'>22804<\/a><\/li>\n\n\n\n<li class='active'><a>22805<\/a><\/li>\n\n\n\n<li><a href='?page_no=22806'>22806<\/a><\/li>\n\n\n\n<li><a href='?page_no=22807'>22807<\/a><\/li>\n\n\n\n<li><a>...<\/a><\/li>\n\n\n\n<li><a href='?page_no=51012'>51012<\/a><\/li>\n\n\n\n<li><a href='?page_no=51013'>51013<\/a><\/li>\n\n    \n\t\n\n<li >\n\t<a href='?page_no=22806'>Next<\/a>\n\t<\/li>\n\n\n    \n\n<li><a href='?page_no=51013'>Last &rsaquo;&rsaquo;<\/a><\/li>\n\n<\/ul>\n\n\n--><br \/>\n<\/body><\/p>\n","protected":false},"excerpt":{"rendered":"<p>La Paz, 15 sep (PL) El presidente Evo Morales manifest\u00f3 hoy aqu\u00ed el rechazo de Bolivia a las acusaciones de Estados Unidos de que incumpli\u00f3 sus compromisos contra el tr\u00e1fico y la producci\u00f3n de drogas. El gobierno de Bolivia rechaza rotundamente la acusaci\u00f3n de los Estados Unidos porque la lucha contra el narcotr\u00e1fico de nuestro [&hellip;]<\/p>\n","protected":false},"author":3,"featured_media":0,"comment_status":"open","ping_status":"open","sticky":false,"template":"","format":"standard","meta":{"footnotes":""},"categories":[23],"tags":[],"class_list":["post-253160","post","type-post","status-publish","format-standard","hentry","category-internacional"],"_links":{"self":[{"href":"https:\/\/diariodominicano.com\/index.php?rest_route=\/wp\/v2\/posts\/253160","targetHints":{"allow":["GET"]}}],"collection":[{"href":"https:\/\/diariodominicano.com\/index.php?rest_route=\/wp\/v2\/posts"}],"about":[{"href":"https:\/\/diariodominicano.com\/index.php?rest_route=\/wp\/v2\/types\/post"}],"author":[{"embeddable":true,"href":"https:\/\/diariodominicano.com\/index.php?rest_route=\/wp\/v2\/users\/3"}],"replies":[{"embeddable":true,"href":"https:\/\/diariodominicano.com\/index.php?rest_route=%2Fwp%2Fv2%2Fcomments&post=253160"}],"version-history":[{"count":0,"href":"https:\/\/diariodominicano.com\/index.php?rest_route=\/wp\/v2\/posts\/253160\/revisions"}],"wp:attachment":[{"href":"https:\/\/diariodominicano.com\/index.php?rest_route=%2Fwp%2Fv2%2Fmedia&parent=253160"}],"wp:term":[{"taxonomy":"category","embeddable":true,"href":"https:\/\/diariodominicano.com\/index.php?rest_route=%2Fwp%2Fv2%2Fcategories&post=253160"},{"taxonomy":"post_tag","embeddable":true,"href":"https:\/\/diariodominicano.com\/index.php?rest_route=%2Fwp%2Fv2%2Ftags&post=253160"}],"curies":[{"name":"wp","href":"https:\/\/api.w.org\/{rel}","templated":true}]}}