{"id":253045,"date":"2015-09-23T18:37:10","date_gmt":"2015-09-23T18:37:10","guid":{"rendered":"http:\/\/diariodominicano.ddns.net\/?p=253045"},"modified":"2015-09-23T18:37:10","modified_gmt":"2015-09-23T18:37:10","slug":"papa-canoniza-al-fraile-franciscano-espanol-junipero-serra","status":"publish","type":"post","link":"https:\/\/diariodominicano.com\/?p=253045","title":{"rendered":"Papa canoniza al fraile franciscano espa\u00f1ol Jun\u00edpero Serra"},"content":{"rendered":"<p><body><\/p>\n<p><img decoding=\"async\" src=\"img3\/papacanoniza.jpg\" \/>  <\/p>\n<p><span class=\"text1noticias\">Washington, 23 sep (PL) El papa Francisco canoniz\u00f3 al fraile franciscano espa\u00f1ol Jun\u00edpero Serra, durante una misa celebrada en la bas\u00edlica del santuario de la Inmaculada Concepci\u00f3n, de esta capital.<\/span><\/p>\n<\/p>\n<p><span class=\"text1noticias\">Ante una multitud de m\u00e1s de 25 mil personas, el Sumo Pont\u00edfice pronunci\u00f3 en lat\u00edn la f\u00f3rmula de canonizaci\u00f3n y pidi\u00f3 que sea incluido en los libros de los santos de la Iglesia cat\u00f3lica.<\/span><\/p>\n<\/p>\n<p><span class=\"text1noticias\">Serra ya hab\u00eda sido beatificado por Juan Pablo II el 28 de septiembre de 1988.<\/span><\/p>\n<\/p>\n<p><span class=\"text1noticias\">Al misionero se le reconoce por haber introducido la fe cat\u00f3lica en el territorio estadounidense y se le considera uno de los padres fundadores del occidental estado de California, si bien su legado es objeto de cr\u00edticas por parte de poblaciones originarias.<\/span><\/p>\n<\/p>\n<p><span class=\"text1noticias\">Serra naci\u00f3 en Mallorca en 1713 y en la segunda mitad del siglo XVII fund\u00f3 misiones religiosas en la regi\u00f3n costera que en la actualidad forma parte del m\u00e1s grande estado de la Uni\u00f3n, donde falleci\u00f3 en 1784.<\/span><\/p>\n<\/p>\n<p><span class=\"text1noticias\">Entre otras, fund\u00f3 la misi\u00f3n de San Gabriel en una zona actualmente situada en el \u00e1rea metropolitana de Los \u00c1ngeles.<\/span><\/p>\n<\/p>\n<p><span class=\"text1noticias\">Grupos ind\u00edgenas lo critican por haber liderado un sistema de misiones que someti\u00f3 a los pueblos originarios.<\/span><\/p>\n<\/p>\n<p><span class=\"text1noticias\">El Obispo de Roma arrib\u00f3 la v\u00edspera a la capital estadounidense, procedente de Cuba, para una visita que se extender\u00e1 hasta el 27 de septiembre.<\/span><\/p>\n<\/p>\n<p><span class=\"text1noticias\">Este martes fue recibido en la Casa Blanca por el presidente Barack Obama, mientras ma\u00f1ana tiene previsto dirigirse al Congreso, entre otras actividades antes de partir a Nueva York, segunda parada de la gira por esta naci\u00f3n norte\u00f1a<\/span>.<\/p>\n<h6> 2015-09-23 18:37:10 <\/h6>\n<p><!--\n<link rel=\"stylesheet\" href=\"css\/bootstrap.min.css\">\n\n\n<ul class=\"pagination\">\n\t    \n\t\n\n<li >\n\t<a href='?page_no=22689'>Previous<\/a>\n\t<\/li>\n\n\n       \n    \n\n<li><a href='?page_no=1'>1<\/a><\/li>\n\n\n\n<li><a href='?page_no=2'>2<\/a><\/li>\n\n\n\n<li><a>...<\/a><\/li>\n\n\n\n<li><a href='?page_no=22688'>22688<\/a><\/li>\n\n\n\n<li><a href='?page_no=22689'>22689<\/a><\/li>\n\n\n\n<li class='active'><a>22690<\/a><\/li>\n\n\n\n<li><a href='?page_no=22691'>22691<\/a><\/li>\n\n\n\n<li><a href='?page_no=22692'>22692<\/a><\/li>\n\n\n\n<li><a>...<\/a><\/li>\n\n\n\n<li><a href='?page_no=51012'>51012<\/a><\/li>\n\n\n\n<li><a href='?page_no=51013'>51013<\/a><\/li>\n\n    \n\t\n\n<li >\n\t<a href='?page_no=22691'>Next<\/a>\n\t<\/li>\n\n\n    \n\n<li><a href='?page_no=51013'>Last &rsaquo;&rsaquo;<\/a><\/li>\n\n<\/ul>\n\n\n--><br \/>\n<\/body><\/p>\n","protected":false},"excerpt":{"rendered":"<p>Washington, 23 sep (PL) El papa Francisco canoniz\u00f3 al fraile franciscano espa\u00f1ol Jun\u00edpero Serra, durante una misa celebrada en la bas\u00edlica del santuario de la Inmaculada Concepci\u00f3n, de esta capital. Ante una multitud de m\u00e1s de 25 mil personas, el Sumo Pont\u00edfice pronunci\u00f3 en lat\u00edn la f\u00f3rmula de canonizaci\u00f3n y pidi\u00f3 que sea incluido en [&hellip;]<\/p>\n","protected":false},"author":3,"featured_media":0,"comment_status":"open","ping_status":"open","sticky":false,"template":"","format":"standard","meta":{"footnotes":""},"categories":[23],"tags":[],"class_list":["post-253045","post","type-post","status-publish","format-standard","hentry","category-internacional"],"_links":{"self":[{"href":"https:\/\/diariodominicano.com\/index.php?rest_route=\/wp\/v2\/posts\/253045","targetHints":{"allow":["GET"]}}],"collection":[{"href":"https:\/\/diariodominicano.com\/index.php?rest_route=\/wp\/v2\/posts"}],"about":[{"href":"https:\/\/diariodominicano.com\/index.php?rest_route=\/wp\/v2\/types\/post"}],"author":[{"embeddable":true,"href":"https:\/\/diariodominicano.com\/index.php?rest_route=\/wp\/v2\/users\/3"}],"replies":[{"embeddable":true,"href":"https:\/\/diariodominicano.com\/index.php?rest_route=%2Fwp%2Fv2%2Fcomments&post=253045"}],"version-history":[{"count":0,"href":"https:\/\/diariodominicano.com\/index.php?rest_route=\/wp\/v2\/posts\/253045\/revisions"}],"wp:attachment":[{"href":"https:\/\/diariodominicano.com\/index.php?rest_route=%2Fwp%2Fv2%2Fmedia&parent=253045"}],"wp:term":[{"taxonomy":"category","embeddable":true,"href":"https:\/\/diariodominicano.com\/index.php?rest_route=%2Fwp%2Fv2%2Fcategories&post=253045"},{"taxonomy":"post_tag","embeddable":true,"href":"https:\/\/diariodominicano.com\/index.php?rest_route=%2Fwp%2Fv2%2Ftags&post=253045"}],"curies":[{"name":"wp","href":"https:\/\/api.w.org\/{rel}","templated":true}]}}