{"id":253033,"date":"2015-09-24T22:07:51","date_gmt":"2015-09-24T22:07:51","guid":{"rendered":"http:\/\/diariodominicano.ddns.net\/?p=253033"},"modified":"2015-09-24T22:07:51","modified_gmt":"2015-09-24T22:07:51","slug":"chile-y-bolivia-reaccionan-ante-fallo-de-la-haya","status":"publish","type":"post","link":"https:\/\/diariodominicano.com\/?p=253033","title":{"rendered":"Chile y Bolivia reaccionan ante fallo de La Haya"},"content":{"rendered":"<p><body><\/p>\n<p><img decoding=\"async\" src=\"img3\/Bolivia.jpg\" \/>  <\/p>\n<p><span class=\"text1noticias\"> <\/span><\/p>\n<p><span class=\"text1noticias\">Contra la tesis chilena de que ese tribunal no tiene competencia en el caso porque la frontera entre ambos vecinos se estableci\u00f3 en el Tratado de 1904, la mayor\u00eda de los jueces vot\u00f3 en contra y, por lo tanto, evaluar\u00e1 la propuesta boliviana.<\/span><\/p>\n<p><span class=\"text1noticias\"> <\/span><\/p>\n<p><span class=\"text1noticias\">Con este fallo se abre un nuevo cap\u00edtulo de este caso, resultado de la Guerra del Pac\u00edfico del siglo pasado, cuando Chile venci\u00f3 a Bolivia y Per\u00fa, para ocupar parte de sus respectivos territorios y dejar a Bolivia sin su litoral de 400 kil\u00f3metros.<\/span><\/p>\n<p><span class=\"text1noticias\"> <\/span><\/p>\n<p><span class=\"text1noticias\">Poco despu\u00e9s del fallo, la presidenta Michelle Bachelet reiter\u00f3 la posici\u00f3n de su gobierno.<\/span><\/p>\n<p><span class=\"text1noticias\"> <\/span><\/p>\n<p><span class=\"text1noticias\">\u00abNuestro pa\u00eds aport\u00f3 antecedentes s\u00f3lidos en derecho que deber\u00edan haber llevado a la conclusi\u00f3n contraria (&#8230;) Estoy convencida de que hicimos lo correcto al interponer la objeci\u00f3n preliminar\u00bb del caso, indic\u00f3.<\/span><\/p>\n<p><span class=\"text1noticias\"> <\/span><\/p>\n<p><span class=\"text1noticias\">La mandataria agreg\u00f3 que su gobierno est\u00e1 \u00aben la misma posici\u00f3n en que estar\u00edamos si, en cambio, hubi\u00e9semos decidido entrar de lleno a contestar la demanda boliviana y no hubi\u00e9semos objetado la competencia de la corte\u00bb.<\/span><\/p>\n<p><span class=\"text1noticias\"> <\/span><\/p>\n<p><span class=\"text1noticias\">Adem\u00e1s, reiter\u00f3 que la demanda boliviana carece de toda base porque \u00abconfunde derechos con aspiraciones y tergiversa completamente lo que ha sido la historia entre Chile y Bolivia\u00bb.<\/span><\/p>\n<p><span class=\"text1noticias\"> <\/span><\/p>\n<p><span class=\"text1noticias\">Bachelet subray\u00f3 que su pa\u00eds \u00abno tiene ning\u00fan tema lim\u00edtrofe pendiente\u00bb con Bolivia, porque todo qued\u00f3 establecido en el Tratado de 1904 y que el fallo \u00abno afecta en nada nuestra integridad territorial, y en ese sentido, Bolivia no ha ganado nada\u00bb.<\/span><\/p>\n<p><span class=\"text1noticias\"> <\/span><\/p>\n<p><span class=\"text1noticias\">\u00abEntramos ahora a la fase de fondo del juicio donde podremos aportar todos los argumentos que no correspond\u00eda esgrimir hasta ahora. Estamos seguros que dejaremos en evidencia tanto las ambig\u00fcedades y contradicciones, como la falta de fundamentos de la demanda boliviana\u00bb, dijo la mandaria.<\/span><\/p>\n<p><span class=\"text1noticias\"> <\/span><\/p>\n<p><span class=\"text1noticias\">Por su parte el presidente boliviano Evo Morales destac\u00f3 en La Paz que su gobierno sab\u00eda \u00abque tarde o temprano se iba a hacer justicia\u00bb, tras conocer el fallo de la CIJ.<\/span><\/p>\n<p><span class=\"text1noticias\"> <\/span><\/p>\n<p><span class=\"text1noticias\">\u00abEstamos haciendo historia para el bien de todas y todos. Somos un pa\u00eds de paz, un Estado de di\u00e1logo\u00bb, agreg\u00f3 Morales, quien se declar\u00f3 satisfecho porque el tribunal internacional desestim\u00f3 con 14 votos contra dos la objeci\u00f3n preliminar presentada por Chile, al declararse competente para atender la demanda mar\u00edtima boliviana.<\/span><\/p>\n<p><span class=\"text1noticias\"> <\/span><\/p>\n<p><span class=\"text1noticias\">Tambi\u00e9n agradeci\u00f3 a las organizaciones internacionales que ayudaron en este proceso, incluidos aquellos movimientos chilenos que expresaron su apoyo en la causa.<\/span><\/p>\n<p><span class=\"text1noticias\"> <\/span><\/p>\n<p><span class=\"text1noticias\">\u00abEsta injusticia no ha sido provocada por el pueblo chileno, sino que por intereses olig\u00e1rquicos\u00bb, precis\u00f3 el l\u00edder boliviano.<\/span><\/p>\n<p><span class=\"text1noticias\"> <\/span><\/p>\n<p><span class=\"text1noticias\">Morales hizo tambi\u00e9n un llamado a Chile para conversar y no tener que llegar a otras instancias.<\/span><\/p>\n<p><span class=\"text1noticias\"> <\/span><\/p>\n<p><span class=\"text1noticias\">\u00abLos convoco al di\u00e1logo en vez de que seamos juzgados por tribunales internacionales\u00bb, reiter\u00f3.<\/span><\/p>\n<p><span class=\"text1noticias\"> <\/span><\/p>\n<p><span class=\"text1noticias\">Tras conocerse el fallo, en La Paz  y otras ciudades, los bolivianos salieron a las calles de Bolivia para celebrar la decisi\u00f3n de la CIJ con el ondeo de banderas del pa\u00eds y de reivindicaci\u00f3n mar\u00edtima.<\/span><\/p>\n<p><span class=\"text1noticias\"> <\/span><\/p>\n<p><span class=\"text1noticias\">La CIJ retomar\u00e1 el juicio inicial de la demanda presentada en abril de 2013 por Bolivia, en la que solicita se \u00abobligue de buena fe\u00bb a negociar un acceso soberano al oc\u00e9ano Pac\u00edfico, el cual perdi\u00f3 en 1879. Por eso, establecer\u00e1 los plazos para continuar con este proceso, el cual puede durar cuatro o cinco a\u00f1os.<\/span><\/p>\n<p><span class=\"text1noticias\"> <\/span><\/p>\n<p><span class=\"text1noticias\">Para el agente boliviano ante La Haya, Eduardo Rodr\u00edguez, \u00abse trata de un fallo jur\u00eddicamente trabajado, estamos muy complacidos con esta decisi\u00f3n, estamos tomando nota de su contenido, y hay que destacar que se trata de un fallo vinculante, obligatorio para Bolivia y Chile que deben continuar con los procedimientos para una decisi\u00f3n final\u00bb.<\/span><\/p>\n<p><span class=\"text1noticias\"> <\/span><\/p>\n<p><span class=\"text1noticias\">Por su parte, el canciller chileno Heraldo Mu\u00f1oz afirm\u00f3 que \u00aben este momento estamos tranquilos, Bolivia no ha ganado nada, Bolivia no tiene el territorio o el acceso soberano que pretende y Chile va a defender su integridad territorial en todo momento\u00bb.<\/span><\/p>\n<p><span class=\"text1noticias\"> <\/span><\/p>\n<p><span class=\"text1noticias\">Lo fundamental, seg\u00fan el canciller, es que \u00abla corte ha limitado evidentemente la petici\u00f3n boliviana. La corte no se ha pronunciado ni est\u00e1 predeterminando un eventual resultado de una negociaci\u00f3n, que es lo que se va a venir a discutir reci\u00e9n d<\/span>esde este momento\u00bb.<\/p>\n<h6> 2015-09-24 22:07:51 <\/h6>\n<p><!--\n<link rel=\"stylesheet\" href=\"css\/bootstrap.min.css\">\n\n\n<ul class=\"pagination\">\n\t    \n\t\n\n<li >\n\t<a href='?page_no=22677'>Previous<\/a>\n\t<\/li>\n\n\n       \n    \n\n<li><a href='?page_no=1'>1<\/a><\/li>\n\n\n\n<li><a href='?page_no=2'>2<\/a><\/li>\n\n\n\n<li><a>...<\/a><\/li>\n\n\n\n<li><a href='?page_no=22676'>22676<\/a><\/li>\n\n\n\n<li><a href='?page_no=22677'>22677<\/a><\/li>\n\n\n\n<li class='active'><a>22678<\/a><\/li>\n\n\n\n<li><a href='?page_no=22679'>22679<\/a><\/li>\n\n\n\n<li><a href='?page_no=22680'>22680<\/a><\/li>\n\n\n\n<li><a>...<\/a><\/li>\n\n\n\n<li><a href='?page_no=51012'>51012<\/a><\/li>\n\n\n\n<li><a href='?page_no=51013'>51013<\/a><\/li>\n\n    \n\t\n\n<li >\n\t<a href='?page_no=22679'>Next<\/a>\n\t<\/li>\n\n\n    \n\n<li><a href='?page_no=51013'>Last &rsaquo;&rsaquo;<\/a><\/li>\n\n<\/ul>\n\n\n--><br \/>\n<\/body><\/p>\n","protected":false},"excerpt":{"rendered":"<p>Contra la tesis chilena de que ese tribunal no tiene competencia en el caso porque la frontera entre ambos vecinos se estableci\u00f3 en el Tratado de 1904, la mayor\u00eda de los jueces vot\u00f3 en contra y, por lo tanto, evaluar\u00e1 la propuesta boliviana. Con este fallo se abre un nuevo cap\u00edtulo de este caso, resultado [&hellip;]<\/p>\n","protected":false},"author":3,"featured_media":0,"comment_status":"open","ping_status":"open","sticky":false,"template":"","format":"standard","meta":{"footnotes":""},"categories":[23],"tags":[],"class_list":["post-253033","post","type-post","status-publish","format-standard","hentry","category-internacional"],"_links":{"self":[{"href":"https:\/\/diariodominicano.com\/index.php?rest_route=\/wp\/v2\/posts\/253033","targetHints":{"allow":["GET"]}}],"collection":[{"href":"https:\/\/diariodominicano.com\/index.php?rest_route=\/wp\/v2\/posts"}],"about":[{"href":"https:\/\/diariodominicano.com\/index.php?rest_route=\/wp\/v2\/types\/post"}],"author":[{"embeddable":true,"href":"https:\/\/diariodominicano.com\/index.php?rest_route=\/wp\/v2\/users\/3"}],"replies":[{"embeddable":true,"href":"https:\/\/diariodominicano.com\/index.php?rest_route=%2Fwp%2Fv2%2Fcomments&post=253033"}],"version-history":[{"count":0,"href":"https:\/\/diariodominicano.com\/index.php?rest_route=\/wp\/v2\/posts\/253033\/revisions"}],"wp:attachment":[{"href":"https:\/\/diariodominicano.com\/index.php?rest_route=%2Fwp%2Fv2%2Fmedia&parent=253033"}],"wp:term":[{"taxonomy":"category","embeddable":true,"href":"https:\/\/diariodominicano.com\/index.php?rest_route=%2Fwp%2Fv2%2Fcategories&post=253033"},{"taxonomy":"post_tag","embeddable":true,"href":"https:\/\/diariodominicano.com\/index.php?rest_route=%2Fwp%2Fv2%2Ftags&post=253033"}],"curies":[{"name":"wp","href":"https:\/\/api.w.org\/{rel}","templated":true}]}}