{"id":253032,"date":"2015-09-24T22:48:56","date_gmt":"2015-09-24T22:48:56","guid":{"rendered":"http:\/\/diariodominicano.ddns.net\/?p=253032"},"modified":"2015-09-24T22:48:56","modified_gmt":"2015-09-24T22:48:56","slug":"danilo-medina-inicia-oficialmente-este-viernes-visita-a-la-onu","status":"publish","type":"post","link":"https:\/\/diariodominicano.com\/?p=253032","title":{"rendered":"Danilo Medina inicia oficialmente este viernes visita a la ONU"},"content":{"rendered":"<p><body><\/p>\n<p><img decoding=\"async\" src=\"img3\/llegada.jpg\" \/>  <\/p>\n<p><span class=\"text1noticias\">NUEVA YORK, 25 de septiembre (DICOM).- El presidente dominicano Danilo Medina lleg\u00f3  a esta ciudad para agotar una intensa agenda de trabajo que incluye por lo menos tres discursos oficiales y su participaci\u00f3n en la sesi\u00f3n especial para recibir al Papa Francisco.<\/span><\/p>\n<p><span class=\"text1noticias\"> <\/span><\/p>\n<p><span class=\"text1noticias\">A su llegada al aeropuerto internacional John F. Kennedy de aqu\u00ed, Danilo Medina, su esposa C\u00e1ndida Montilla y la reducida comitiva que le acompa\u00f1a, fueron recibidos por el embajador dominicano destacado en Washington, Jos\u00e9 Tom\u00e1s P\u00e9rez y el embajador Representante Permanente de la Rep\u00fablica Dominicana ante las Naciones Unidas, Francisco Antonio Cortorreal.<\/span><\/p>\n<p><span class=\"text1noticias\"> <\/span><\/p>\n<p><span class=\"text1noticias\">De igual modo, dominicanos y dominicanas acudieron a la terminal a\u00e9rea para darle un c\u00e1lido recibimiento al Jefe del Estado.<\/span><\/p>\n<p><span class=\"text1noticias\"> <\/span><\/p>\n<p><span class=\"text1noticias\"><strong>Inicia visita oficial ma\u00f1ana con apretada agenda de trabajo<\/strong><\/span><\/p>\n<p><span class=\"text1noticias\"> <\/span><\/p>\n<p><span class=\"text1noticias\">El Presidente Danilo Medina iniciar\u00e1 oficialmente este viernes su visita a territorio estadounidense con el prop\u00f3sito de participar en la Cumbre de las Naciones Unidas para la Adopci\u00f3n de la Agenda de Desarrollo Post 2015 y en el Septuag\u00e9simo Per\u00edodo Ordinario de Sesiones de la Asamblea General de la Organizaci\u00f3n de las Naciones Unidas (ONU).<\/span><\/p>\n<p><span class=\"text1noticias\"> <\/span><\/p>\n<p><span class=\"text1noticias\"><strong>C\u00e1lido recibimiento<\/strong><\/span><\/p>\n<p><span class=\"text1noticias\"> <\/span><\/p>\n<p><span class=\"text1noticias\">El Gobernante de la Rep\u00fablica Dominicana, quien lleg\u00f3 a esta ciudad en las primeras horas de la noche del jueves, en vuelo comercial, visitar\u00e1 la sede de la ONU, donde alrededor de un centenar de Jefes de Estado recibir\u00e1 al Papa Francisco durante una sesi\u00f3n especial. En la terminal a\u00e9rea recibi\u00f3 un c\u00e1lido recibimiento de un nutrido grupo de dominicanos y dominicanas que se desplaz\u00f3 al lugar.<\/span><\/p>\n<p><span class=\"text1noticias\"> <\/span><\/p>\n<p><span class=\"text1noticias\"><strong>Por lo menos tres discursos<\/strong><\/span><\/p>\n<p><span class=\"text1noticias\"> <\/span><\/p>\n<p><span class=\"text1noticias\">Durante su estad\u00eda desarrollar\u00e1 una apretada agenda que incluir\u00e1 por los menos tres discursos oficiales. Este viernes y ma\u00f1ana s\u00e1bado estar\u00e1 en la Cumbre de la ONU para la Adopci\u00f3n de la Agenda de Desarrollo Post 2015, en la que agotar\u00e1 un turno en los debates y el domingo hablar\u00e1 en la Reuni\u00f3n de L\u00edderes sobre Igualdad de G\u00e9nero y Empoderamiento de la Mujer. En esta \u00faltima actividad lo acompa\u00f1ar\u00e1 la ministra de la Mujer, Alejandrina Germ\u00e1n.<\/span><\/p>\n<p><span class=\"text1noticias\"> <\/span><\/p>\n<p><span class=\"text1noticias\">Mientras que los d\u00edas comprendidos entre el 27 y 30 participar\u00e1 en el Septuag\u00e9simo Per\u00edodo Ordinario de Sesiones de la Asamblea General de las Naciones Unidas. Su discurso est\u00e1 previsto para el martes 29 en la tarde.<\/span><\/p>\n<p><span class=\"text1noticias\"><strong> <\/strong><\/span><\/p>\n<p><span class=\"text1noticias\"><strong>Bilaterales y actividades con la comunidad dominicana<\/strong><\/span><\/p>\n<p><span class=\"text1noticias\"> <\/span><\/p>\n<p><span class=\"text1noticias\">Asimismo, la agenda del presidente Danilo Medina incluye reuniones bilaterales y  una actividad dedicada a la comunidad dominicana radicada en el Este de los Estados Unidos.<\/span><\/p>\n<p><span class=\"text1noticias\"> <\/span><\/p>\n<p><span class=\"text1noticias\">El Jefe del Estado tiene previsto regresar a su pa\u00eds el mi\u00e9rcoles 30, en horas <\/span>de la tarde.<\/p>\n<h6> 2015-09-24 22:48:56 <\/h6>\n<p><!--\n<link rel=\"stylesheet\" href=\"css\/bootstrap.min.css\">\n\n\n<ul class=\"pagination\">\n\t    \n\t\n\n<li >\n\t<a href='?page_no=22676'>Previous<\/a>\n\t<\/li>\n\n\n       \n    \n\n<li><a href='?page_no=1'>1<\/a><\/li>\n\n\n\n<li><a href='?page_no=2'>2<\/a><\/li>\n\n\n\n<li><a>...<\/a><\/li>\n\n\n\n<li><a href='?page_no=22675'>22675<\/a><\/li>\n\n\n\n<li><a href='?page_no=22676'>22676<\/a><\/li>\n\n\n\n<li class='active'><a>22677<\/a><\/li>\n\n\n\n<li><a href='?page_no=22678'>22678<\/a><\/li>\n\n\n\n<li><a href='?page_no=22679'>22679<\/a><\/li>\n\n\n\n<li><a>...<\/a><\/li>\n\n\n\n<li><a href='?page_no=51012'>51012<\/a><\/li>\n\n\n\n<li><a href='?page_no=51013'>51013<\/a><\/li>\n\n    \n\t\n\n<li >\n\t<a href='?page_no=22678'>Next<\/a>\n\t<\/li>\n\n\n    \n\n<li><a href='?page_no=51013'>Last &rsaquo;&rsaquo;<\/a><\/li>\n\n<\/ul>\n\n\n--><br \/>\n<\/body><\/p>\n","protected":false},"excerpt":{"rendered":"<p>NUEVA YORK, 25 de septiembre (DICOM).- El presidente dominicano Danilo Medina lleg\u00f3 a esta ciudad para agotar una intensa agenda de trabajo que incluye por lo menos tres discursos oficiales y su participaci\u00f3n en la sesi\u00f3n especial para recibir al Papa Francisco. A su llegada al aeropuerto internacional John F. Kennedy de aqu\u00ed, Danilo Medina, [&hellip;]<\/p>\n","protected":false},"author":3,"featured_media":0,"comment_status":"open","ping_status":"open","sticky":false,"template":"","format":"standard","meta":{"footnotes":""},"categories":[23],"tags":[],"class_list":["post-253032","post","type-post","status-publish","format-standard","hentry","category-internacional"],"_links":{"self":[{"href":"https:\/\/diariodominicano.com\/index.php?rest_route=\/wp\/v2\/posts\/253032","targetHints":{"allow":["GET"]}}],"collection":[{"href":"https:\/\/diariodominicano.com\/index.php?rest_route=\/wp\/v2\/posts"}],"about":[{"href":"https:\/\/diariodominicano.com\/index.php?rest_route=\/wp\/v2\/types\/post"}],"author":[{"embeddable":true,"href":"https:\/\/diariodominicano.com\/index.php?rest_route=\/wp\/v2\/users\/3"}],"replies":[{"embeddable":true,"href":"https:\/\/diariodominicano.com\/index.php?rest_route=%2Fwp%2Fv2%2Fcomments&post=253032"}],"version-history":[{"count":0,"href":"https:\/\/diariodominicano.com\/index.php?rest_route=\/wp\/v2\/posts\/253032\/revisions"}],"wp:attachment":[{"href":"https:\/\/diariodominicano.com\/index.php?rest_route=%2Fwp%2Fv2%2Fmedia&parent=253032"}],"wp:term":[{"taxonomy":"category","embeddable":true,"href":"https:\/\/diariodominicano.com\/index.php?rest_route=%2Fwp%2Fv2%2Fcategories&post=253032"},{"taxonomy":"post_tag","embeddable":true,"href":"https:\/\/diariodominicano.com\/index.php?rest_route=%2Fwp%2Fv2%2Ftags&post=253032"}],"curies":[{"name":"wp","href":"https:\/\/api.w.org\/{rel}","templated":true}]}}