{"id":253027,"date":"2015-09-25T12:36:56","date_gmt":"2015-09-25T12:36:56","guid":{"rendered":"http:\/\/diariodominicano.ddns.net\/?p=253027"},"modified":"2015-09-25T12:36:56","modified_gmt":"2015-09-25T12:36:56","slug":"cubanos-podran-observar-eclipse-total-de-luna","status":"publish","type":"post","link":"https:\/\/diariodominicano.com\/?p=253027","title":{"rendered":"Cubanos podr\u00e1n observar eclipse total de Luna"},"content":{"rendered":"<p><body><\/p>\n<p><span class=\"text1noticias\">LA HABANA, 25 sep (Xinhua) &#8212; Un eclipse total de luna ser\u00e1 visible en Cuba durante la noche del pr\u00f3ximo 27 de septiembre, anunciaron hoy fuentes del Instituto de Geof\u00edsica y Astronom\u00eda (IGA) de la isla.<\/span><\/p>\n<p><span class=\"text1noticias\"> <\/span><\/p>\n<p><span class=\"text1noticias\">La fase de eclipse visible en la isla comenzar\u00e1 a las 21:07 hora local (01:07 GMT del d\u00eda 28) y terminar\u00e1 a las 00:27 (04:27 GMT), indicaron los especialistas.<\/span><\/p>\n<p><span class=\"text1noticias\"> <\/span><\/p>\n<p><span class=\"text1noticias\">Seg\u00fan el reporte, el fen\u00f3meno ser\u00e1 tambi\u00e9n visible en casi todo el continente americano, el oeste de Africa y el oeste de Europa.<\/span><\/p>\n<p><span class=\"text1noticias\"> <\/span><\/p>\n<p><span class=\"text1noticias\">Este evento astron\u00f3mico ser\u00e1 el \u00faltimo de una serie de cuatro eclipses totales de luna que ocurrieron en los \u00faltimos 18 meses, dos de ellos visibles en Cuba.<\/span><\/p>\n<p><span class=\"text1noticias\"> <\/span><\/p>\n<p><span class=\"text1noticias\">Un eclipse lunar ocurre cuando nuestro planeta se interpone entre el Sol y la Luna, es decir, cuando la Luna entra en la zona de sombra de la Tierra, y esto s\u00f3lo puede ocurrir en la fase de Luna l<\/span>lena<\/p>\n<h6> 2015-09-25 12:36:56 <\/h6>\n<p><!--\n<link rel=\"stylesheet\" href=\"css\/bootstrap.min.css\">\n\n\n<ul class=\"pagination\">\n\t    \n\t\n\n<li >\n\t<a href='?page_no=22671'>Previous<\/a>\n\t<\/li>\n\n\n       \n    \n\n<li><a href='?page_no=1'>1<\/a><\/li>\n\n\n\n<li><a href='?page_no=2'>2<\/a><\/li>\n\n\n\n<li><a>...<\/a><\/li>\n\n\n\n<li><a href='?page_no=22670'>22670<\/a><\/li>\n\n\n\n<li><a href='?page_no=22671'>22671<\/a><\/li>\n\n\n\n<li class='active'><a>22672<\/a><\/li>\n\n\n\n<li><a href='?page_no=22673'>22673<\/a><\/li>\n\n\n\n<li><a href='?page_no=22674'>22674<\/a><\/li>\n\n\n\n<li><a>...<\/a><\/li>\n\n\n\n<li><a href='?page_no=51012'>51012<\/a><\/li>\n\n\n\n<li><a href='?page_no=51013'>51013<\/a><\/li>\n\n    \n\t\n\n<li >\n\t<a href='?page_no=22673'>Next<\/a>\n\t<\/li>\n\n\n    \n\n<li><a href='?page_no=51013'>Last &rsaquo;&rsaquo;<\/a><\/li>\n\n<\/ul>\n\n\n--><br \/>\n<\/body><\/p>\n","protected":false},"excerpt":{"rendered":"<p>LA HABANA, 25 sep (Xinhua) &#8212; Un eclipse total de luna ser\u00e1 visible en Cuba durante la noche del pr\u00f3ximo 27 de septiembre, anunciaron hoy fuentes del Instituto de Geof\u00edsica y Astronom\u00eda (IGA) de la isla. La fase de eclipse visible en la isla comenzar\u00e1 a las 21:07 hora local (01:07 GMT del d\u00eda 28) [&hellip;]<\/p>\n","protected":false},"author":3,"featured_media":0,"comment_status":"open","ping_status":"open","sticky":false,"template":"","format":"standard","meta":{"footnotes":""},"categories":[23],"tags":[],"class_list":["post-253027","post","type-post","status-publish","format-standard","hentry","category-internacional"],"_links":{"self":[{"href":"https:\/\/diariodominicano.com\/index.php?rest_route=\/wp\/v2\/posts\/253027","targetHints":{"allow":["GET"]}}],"collection":[{"href":"https:\/\/diariodominicano.com\/index.php?rest_route=\/wp\/v2\/posts"}],"about":[{"href":"https:\/\/diariodominicano.com\/index.php?rest_route=\/wp\/v2\/types\/post"}],"author":[{"embeddable":true,"href":"https:\/\/diariodominicano.com\/index.php?rest_route=\/wp\/v2\/users\/3"}],"replies":[{"embeddable":true,"href":"https:\/\/diariodominicano.com\/index.php?rest_route=%2Fwp%2Fv2%2Fcomments&post=253027"}],"version-history":[{"count":0,"href":"https:\/\/diariodominicano.com\/index.php?rest_route=\/wp\/v2\/posts\/253027\/revisions"}],"wp:attachment":[{"href":"https:\/\/diariodominicano.com\/index.php?rest_route=%2Fwp%2Fv2%2Fmedia&parent=253027"}],"wp:term":[{"taxonomy":"category","embeddable":true,"href":"https:\/\/diariodominicano.com\/index.php?rest_route=%2Fwp%2Fv2%2Fcategories&post=253027"},{"taxonomy":"post_tag","embeddable":true,"href":"https:\/\/diariodominicano.com\/index.php?rest_route=%2Fwp%2Fv2%2Ftags&post=253027"}],"curies":[{"name":"wp","href":"https:\/\/api.w.org\/{rel}","templated":true}]}}