{"id":253025,"date":"2015-09-25T13:05:29","date_gmt":"2015-09-25T13:05:29","guid":{"rendered":"http:\/\/diariodominicano.ddns.net\/?p=253025"},"modified":"2015-09-25T13:05:29","modified_gmt":"2015-09-25T13:05:29","slug":"corredor-de-migracion-hacia-alemania-es-rechazado-por-austria","status":"publish","type":"post","link":"https:\/\/diariodominicano.com\/?p=253025","title":{"rendered":"Corredor de migraci\u00f3n hacia Alemania es rechazado por Austria"},"content":{"rendered":"<p><body><\/p>\n<p><img decoding=\"async\" src=\"img3\/Croacia2.jpg\" \/>  <\/p>\n<p><span class=\"text1noticias\"> <\/span><\/p>\n<p><span class=\"text1noticias\">En una conferencia de prensa, Orban dijo a los reporteros que las conversaciones fueron productivas. No obstante, dijo, Faymann dej\u00f3 claro que no apoya la propuesta de Croacia de abrir un corredor para los inmigrantes que pase por Croacia, Hungr\u00eda y Austria hacia Alemania.<\/span><\/p>\n<p><span class=\"text1noticias\"> <\/span><\/p>\n<p><span class=\"text1noticias\">La mayor\u00eda de los migrantes de Medio Oriente desean establecerse en Alemania luego de atravesar la regi\u00f3n de los Balcanes, Hungr\u00eda y Austria.<\/span><\/p>\n<p><span class=\"text1noticias\"> <\/span><\/p>\n<p><span class=\"text1noticias\">Hungr\u00eda ha cerrado su frontera con Serbia, lo que impidi\u00f3 el paso a muchos migrantes que esperaban llegar a la zona Schengen. Ahora,m uchos est\u00e1n  tratando de entrar en la zona Schengen desde Croacia<\/span><\/p>\n<h6> 2015-09-25 13:05:29 <\/h6>\n<p><!--\n<link rel=\"stylesheet\" href=\"css\/bootstrap.min.css\">\n\n\n<ul class=\"pagination\">\n\t    \n\t\n\n<li >\n\t<a href='?page_no=22669'>Previous<\/a>\n\t<\/li>\n\n\n       \n    \n\n<li><a href='?page_no=1'>1<\/a><\/li>\n\n\n\n<li><a href='?page_no=2'>2<\/a><\/li>\n\n\n\n<li><a>...<\/a><\/li>\n\n\n\n<li><a href='?page_no=22668'>22668<\/a><\/li>\n\n\n\n<li><a href='?page_no=22669'>22669<\/a><\/li>\n\n\n\n<li class='active'><a>22670<\/a><\/li>\n\n\n\n<li><a href='?page_no=22671'>22671<\/a><\/li>\n\n\n\n<li><a href='?page_no=22672'>22672<\/a><\/li>\n\n\n\n<li><a>...<\/a><\/li>\n\n\n\n<li><a href='?page_no=51012'>51012<\/a><\/li>\n\n\n\n<li><a href='?page_no=51013'>51013<\/a><\/li>\n\n    \n\t\n\n<li >\n\t<a href='?page_no=22671'>Next<\/a>\n\t<\/li>\n\n\n    \n\n<li><a href='?page_no=51013'>Last &rsaquo;&rsaquo;<\/a><\/li>\n\n<\/ul>\n\n\n--><br \/>\n<\/body><\/p>\n","protected":false},"excerpt":{"rendered":"<p>En una conferencia de prensa, Orban dijo a los reporteros que las conversaciones fueron productivas. No obstante, dijo, Faymann dej\u00f3 claro que no apoya la propuesta de Croacia de abrir un corredor para los inmigrantes que pase por Croacia, Hungr\u00eda y Austria hacia Alemania. La mayor\u00eda de los migrantes de Medio Oriente desean establecerse en [&hellip;]<\/p>\n","protected":false},"author":3,"featured_media":0,"comment_status":"open","ping_status":"open","sticky":false,"template":"","format":"standard","meta":{"footnotes":""},"categories":[23],"tags":[],"class_list":["post-253025","post","type-post","status-publish","format-standard","hentry","category-internacional"],"_links":{"self":[{"href":"https:\/\/diariodominicano.com\/index.php?rest_route=\/wp\/v2\/posts\/253025","targetHints":{"allow":["GET"]}}],"collection":[{"href":"https:\/\/diariodominicano.com\/index.php?rest_route=\/wp\/v2\/posts"}],"about":[{"href":"https:\/\/diariodominicano.com\/index.php?rest_route=\/wp\/v2\/types\/post"}],"author":[{"embeddable":true,"href":"https:\/\/diariodominicano.com\/index.php?rest_route=\/wp\/v2\/users\/3"}],"replies":[{"embeddable":true,"href":"https:\/\/diariodominicano.com\/index.php?rest_route=%2Fwp%2Fv2%2Fcomments&post=253025"}],"version-history":[{"count":0,"href":"https:\/\/diariodominicano.com\/index.php?rest_route=\/wp\/v2\/posts\/253025\/revisions"}],"wp:attachment":[{"href":"https:\/\/diariodominicano.com\/index.php?rest_route=%2Fwp%2Fv2%2Fmedia&parent=253025"}],"wp:term":[{"taxonomy":"category","embeddable":true,"href":"https:\/\/diariodominicano.com\/index.php?rest_route=%2Fwp%2Fv2%2Fcategories&post=253025"},{"taxonomy":"post_tag","embeddable":true,"href":"https:\/\/diariodominicano.com\/index.php?rest_route=%2Fwp%2Fv2%2Ftags&post=253025"}],"curies":[{"name":"wp","href":"https:\/\/api.w.org\/{rel}","templated":true}]}}