{"id":253019,"date":"2015-09-25T13:43:31","date_gmt":"2015-09-25T13:43:31","guid":{"rendered":"http:\/\/diariodominicano.ddns.net\/?p=253019"},"modified":"2015-09-25T13:43:31","modified_gmt":"2015-09-25T13:43:31","slug":"partidos-politicos-refutan-tentativas-de-golpe-de-estado-en-brasil","status":"publish","type":"post","link":"https:\/\/diariodominicano.com\/?p=253019","title":{"rendered":"&#13;&#13;Partidos pol\u00edticos refutan tentativas de golpe de Estado en Brasil"},"content":{"rendered":"<p><body><\/p>\n<p><img decoding=\"async\" src=\"img3\/partidos-politicos.jpg\" \/>  <\/p>\n<\/p>\n<p><span class=\"text1noticias\">  <\/span><\/p>\n<\/p>\n<p><span class=\"text1noticias\">Los l\u00edderes de las agrupaciones de los Trabajadores (PT), del Movimiento Democr\u00e1tico Brasile\u00f1o (PMDB), Comunista do Brasil (PCdoB), Progresista (PP), Social Democr\u00e1tico (PSD) y Republicano de Orden Social (Pros) firmaron un manifiesto en defensa de la legitimidad del mandato de Rouseeff.<\/span><\/p>\n<\/p>\n<p><span class=\"text1noticias\">El documento, entregado a la mandataria, revela las pretensiones de un selecto movimiento de oposici\u00f3n de impulsar una nueva forma de golpe de Estado a trav\u00e9s de un juicio pol\u00edtico contra la jefa de Estado en el Congreso.<\/span><\/p>\n<\/p>\n<p><span class=\"text1noticias\">Nos unimos para defender la legitimidad del mandato de la gobernante, ganado en las urnas con el respaldo de 54 millones de electores brasile\u00f1os, destac\u00f3 la presidenta nacional del PCdoB, Luciana Santos.<\/span><\/p>\n<\/p>\n<p><span class=\"text1noticias\">De esta manera respaldamos un bien conquistado con mucha lucha, que se llama democracia, asever\u00f3.<\/span><\/p>\n<\/p>\n<p><span class=\"text1noticias\">Otro de los firmantes, Gilberto Kassab, el m\u00e1ximo representante del PSD, dijo que este documento constituye el primer paso para demostrar a la sociedad las claras intenciones de un sector interesado en aprovechar los problemas econ\u00f3micos actuales para retirar de la presidencia del pa\u00eds a Rousseff.<\/span><\/p>\n<\/p>\n<p><span class=\"text1noticias\">No vamos a permitir ninguna forma disfrazada de golpismo y realizaremos una contraofensiva para desenmascarar a la oposici\u00f3n, manifest\u00f3 por su parte la diputada Jandira Feghali <\/span><\/p>\n<\/p>\n<p><span class=\"text1noticias\">La presidenta sabe ahora que no est\u00e1 sola y cuenta con el apoyo de fuerzas pol\u00edticas importantes de Brasil, indic\u00f3.<\/span><\/p>\n<\/p>\n<p><span class=\"text1noticias\">El l\u00edder del PMDB en la C\u00e1mara baja, Leonardo Piccciani, se\u00f1al\u00f3 asimismo que la disputa entre candidatos acaba el \u00faltimo d\u00eda de la campa\u00f1a electoral y despu\u00e9s hay que respetar los resultados de los comicios.<\/span><\/p>\n<\/p>\n<p><span class=\"text1noticias\">La oposici\u00f3n pude hacer su trabajo, criticar, pero no tiene derecho a alterar el mandato dado por el pueblo a la mandataria, apunt\u00f3.<\/span><\/p>\n<\/p>\n<p><span class=\"text1noticias\">En este contexto, el presidente nacional del PT, Rui Falcao, convoc\u00f3 a la militancia a participar ma\u00f1ana en una gran movilizaci\u00f3n en Sao Paulo a favor de Rousseff y el plan de reformas del ejecutivo.<\/span><\/p>\n<\/p>\n<p><span class=\"text1noticias\">Invito a los petistas (miembros del Partido de los Trabajadores), a amigos, simpatizantes y la ciudadan\u00eda a conc\u00e9ntranos en la Plaza de S\u00e9 para un gran acto en respaldo a la dignataria y a favor de medidas populares para superar las dificultades econ\u00f3micas.<\/span><\/p>\n<\/p>\n<p><span class=\"text1noticias\">La convocatoria se registra poco despu\u00e9s de la presentaci\u00f3n en la C\u00e1mara de Diputados de varias solicitudes de juicio pol\u00edticos contra la presidenta del pa\u00eds por presunta violaci\u00f3n de la ley de responsabilidad fiscal.<\/span><\/p>\n<\/p>\n<h6> 2015-09-25 13:43:31 <\/h6>\n<p><!--\n<link rel=\"stylesheet\" href=\"css\/bootstrap.min.css\">\n\n\n<ul class=\"pagination\">\n\t    \n\t\n\n<li >\n\t<a href='?page_no=22663'>Previous<\/a>\n\t<\/li>\n\n\n       \n    \n\n<li><a href='?page_no=1'>1<\/a><\/li>\n\n\n\n<li><a href='?page_no=2'>2<\/a><\/li>\n\n\n\n<li><a>...<\/a><\/li>\n\n\n\n<li><a href='?page_no=22662'>22662<\/a><\/li>\n\n\n\n<li><a href='?page_no=22663'>22663<\/a><\/li>\n\n\n\n<li class='active'><a>22664<\/a><\/li>\n\n\n\n<li><a href='?page_no=22665'>22665<\/a><\/li>\n\n\n\n<li><a href='?page_no=22666'>22666<\/a><\/li>\n\n\n\n<li><a>...<\/a><\/li>\n\n\n\n<li><a href='?page_no=51012'>51012<\/a><\/li>\n\n\n\n<li><a href='?page_no=51013'>51013<\/a><\/li>\n\n    \n\t\n\n<li >\n\t<a href='?page_no=22665'>Next<\/a>\n\t<\/li>\n\n\n    \n\n<li><a href='?page_no=51013'>Last &rsaquo;&rsaquo;<\/a><\/li>\n\n<\/ul>\n\n\n--><br \/>\n<\/body><\/p>\n","protected":false},"excerpt":{"rendered":"<p>Los l\u00edderes de las agrupaciones de los Trabajadores (PT), del Movimiento Democr\u00e1tico Brasile\u00f1o (PMDB), Comunista do Brasil (PCdoB), Progresista (PP), Social Democr\u00e1tico (PSD) y Republicano de Orden Social (Pros) firmaron un manifiesto en defensa de la legitimidad del mandato de Rouseeff. El documento, entregado a la mandataria, revela las pretensiones de un selecto movimiento de [&hellip;]<\/p>\n","protected":false},"author":3,"featured_media":0,"comment_status":"open","ping_status":"open","sticky":false,"template":"","format":"standard","meta":{"footnotes":""},"categories":[23],"tags":[],"class_list":["post-253019","post","type-post","status-publish","format-standard","hentry","category-internacional"],"_links":{"self":[{"href":"https:\/\/diariodominicano.com\/index.php?rest_route=\/wp\/v2\/posts\/253019","targetHints":{"allow":["GET"]}}],"collection":[{"href":"https:\/\/diariodominicano.com\/index.php?rest_route=\/wp\/v2\/posts"}],"about":[{"href":"https:\/\/diariodominicano.com\/index.php?rest_route=\/wp\/v2\/types\/post"}],"author":[{"embeddable":true,"href":"https:\/\/diariodominicano.com\/index.php?rest_route=\/wp\/v2\/users\/3"}],"replies":[{"embeddable":true,"href":"https:\/\/diariodominicano.com\/index.php?rest_route=%2Fwp%2Fv2%2Fcomments&post=253019"}],"version-history":[{"count":0,"href":"https:\/\/diariodominicano.com\/index.php?rest_route=\/wp\/v2\/posts\/253019\/revisions"}],"wp:attachment":[{"href":"https:\/\/diariodominicano.com\/index.php?rest_route=%2Fwp%2Fv2%2Fmedia&parent=253019"}],"wp:term":[{"taxonomy":"category","embeddable":true,"href":"https:\/\/diariodominicano.com\/index.php?rest_route=%2Fwp%2Fv2%2Fcategories&post=253019"},{"taxonomy":"post_tag","embeddable":true,"href":"https:\/\/diariodominicano.com\/index.php?rest_route=%2Fwp%2Fv2%2Ftags&post=253019"}],"curies":[{"name":"wp","href":"https:\/\/api.w.org\/{rel}","templated":true}]}}