{"id":253018,"date":"2015-09-25T19:28:53","date_gmt":"2015-09-25T19:28:53","guid":{"rendered":"http:\/\/diariodominicano.ddns.net\/?p=253018"},"modified":"2015-09-25T19:28:53","modified_gmt":"2015-09-25T19:28:53","slug":"papa-francisco-invita-a-ninos-inmigrantes-a-no-dejar-de-sonar","status":"publish","type":"post","link":"https:\/\/diariodominicano.com\/?p=253018","title":{"rendered":"Papa Francisco invita a ni\u00f1os inmigrantes a no dejar de so\u00f1ar"},"content":{"rendered":"<p><body><\/p>\n<p><img decoding=\"async\" src=\"img3\/Harlem15.jpg\" \/>  <\/p>\n<p><span class=\"text1noticias\">Por Eduardo Berdejo<\/span><\/p>\n<p><span class=\"text1noticias\">NUEVA YORK, 25 Sep. 15 \/ 04:48 pm (ACI).- El Papa Francisco tuvo un encuentro informal con ni\u00f1os y adolescentes ?varios de ellos inmigrantes latinoamericanos? en la escuela cat\u00f3lica \u00abNuestra Se\u00f1ora Reina de los \u00c1ngeles\u00bb en el barrio de Harlem, as\u00ed como con personas que reciben ayuda de la C\u00e1ritas de la Arquidi\u00f3cesis de Nueva York. A todos ellos el Pont\u00edfice invit\u00f3 a luchar por sus sue\u00f1os y les dej\u00f3 una tarea: No dejar de rezar por \u00e9l.<\/span><\/p>\n<p><span class=\"text1noticias\"> <\/span><\/p>\n<p><span class=\"text1noticias\">El Papa Francisco lleg\u00f3 en horas de la tarde a esta escuela perteneciente a la Arquidi\u00f3cesis de Nueva York, donde era esperado por decenas de estudiantes que coreaban \u00abSanto Padre, te amamos\u00bb, y a quienes el Pont\u00edfice se acerc\u00f3 para saludarlos y tomarse varios \u00abselfies\u00bb.<\/span><\/p>\n<p><span class=\"text1noticias\"> <\/span><\/p>\n<p><span class=\"text1noticias\">\u00abNuestra Se\u00f1ora Reina de los \u00c1ngeles\u00bb, si bien es una escuela cat\u00f3lica, recibe tambi\u00e9n a ni\u00f1os y adolescentes de otras denominaciones y religiones, sobre todo a aquellos que enfrentan necesidades econ\u00f3micas.<\/span><\/p>\n<p><span class=\"text1noticias\"> <\/span><\/p>\n<p><span class=\"text1noticias\">Ya en el recinto, Francisco ingres\u00f3 a un aula donde fue recibido por un coro de 24 ni\u00f1os de entre 8 y 9 a\u00f1os, varios de ellos de origen hispano y que fueron seleccionados de las escuelas cat\u00f3licas de Santa Ana, San Carlos Borromeo, San Pablo y Nuestra Se\u00f1ora Reina de los \u00c1ngeles; todas de la Arquidi\u00f3cesis de Nueva York. Los menores entonaron al Santo Padre el himno de San Francisco de As\u00eds \u00abSe\u00f1or, hazme un instrumento de tu paz\u00bb.<\/span><\/p>\n<p><span class=\"text1noticias\"> <\/span><\/p>\n<p><span class=\"text1noticias\">Luego de recibir algunos regalos y conversar con los ni\u00f1os, el Papa inici\u00f3 un breve discurso en el que reconoci\u00f3 que no es f\u00e1cil dejar sus propios pa\u00edses \u00aby encontrar una nueva casa, encontrar nuevos vecinos, amigos\u00bb, o \u00abaprender un nuevo idioma, adaptarse a una nueva cultura, un nuevo clima\u00bb.<\/span><\/p>\n<p><span class=\"text1noticias\"> <\/span><\/p>\n<p><span class=\"text1noticias\">Sin embargo, asegur\u00f3 que \u00ablo bueno es que tambi\u00e9n encontramos nuevos amigos, encontramos personas que nos abren puertas y nos muestran su ternura, su amistad, su comprensi\u00f3n, y buscan ayudarnos para que no nos sintamos extra\u00f1os, extranjeros\u00bb.<\/span><\/p>\n<p><span class=\"text1noticias\"> <\/span><\/p>\n<p><span class=\"text1noticias\">Francisco afirm\u00f3 que con la acogida, \u00abla escuela se vuelve una gran familia para todos\u00bb, donde se ayuda, comparte y da lo mejor \u00abde nosotros\u00bb, aprendiendo a trabajar en equipo \u00aby a perseverar en nuestras metas\u00bb.<\/span><\/p>\n<p><span class=\"text1noticias\"> <\/span><\/p>\n<p><span class=\"text1noticias\">En ese sentido, record\u00f3 que cerca de la escuela hay una calle que lleva el nombre del Pastor Martin Luther King, quien \u00abun d\u00eda dijo: ?Tengo un sue\u00f1o?. Y \u00e9l so\u00f1\u00f3 que muchos ni\u00f1os, muchas personas tuvieran igualdad de oportunidades. El so\u00f1\u00f3 que muchos ni\u00f1os como ustedes tuvieran acceso a la educaci\u00f3n\u00bb.<\/span><\/p>\n<p><span class=\"text1noticias\"> <\/span><\/p>\n<p><span class=\"text1noticias\">\u00ab\u00c9l so\u00f1\u00f3 que muchos hombres y mujeres como ustedes pudieran llevar la frente bien alta con la dignidad de quien puede ganarse la vida. Es hermoso tener sue\u00f1os y es hermoso poder luchar por los sue\u00f1os. No se olviden\u00bb, alent\u00f3.<\/span><\/p>\n<p><span class=\"text1noticias\"> <\/span><\/p>\n<p><span class=\"text1noticias\">Francisco dijo que so\u00f1ar y celebrar \u00abtodas las oportunidades que, tanto a ustedes como a nosotros los grandes, nos permiten no perder la esperanza en un mundo mejor y con mayores posibilidades\u00bb.<\/span><\/p>\n<p><span class=\"text1noticias\"> <\/span><\/p>\n<p><span class=\"text1noticias\">\u00abAqu\u00ed se los ve sonrientes, sigan as\u00ed, ayuden a contagiar la alegr\u00eda a las personas que tienen cerca, no siempre es f\u00e1cil, en todas las casas hay problemas, hay situaciones dif\u00edciles, hay enfermedades, pero no dejen de so\u00f1ar con que puedan vivir con alegr\u00eda\u00bb.    <\/span><\/p>\n<p><span class=\"text1noticias\"> <\/span><\/p>\n<p><span class=\"text1noticias\">El Pont\u00edfice record\u00f3 que todos \u00abtienen derecho a so\u00f1ar y me alegra mucho que puedan encontrar, sea en la escuela, sea aqu\u00ed, en sus amigos, en sus maestros y en todos los que se acercan a ayudar, ese apoyo necesario para poder hacerlo. Donde hay sue\u00f1os, donde hay alegr\u00eda, ah\u00ed siempre est\u00e1 Jes\u00fas\u00bb.<\/span><\/p>\n<p><span class=\"text1noticias\"> <\/span><\/p>\n<p><span class=\"text1noticias\">\u00abSiempre, en cambio, \u00bfqui\u00e9n es el que siembra tristeza, el que siembra desconfianza, el que siembra envidia, el que siembra los malos deseos, \u00bfc\u00f3mo se llama? El diablo \u00bfeh? El diablo siempre siembra tristeza porque no nos quiere alegres no nos quiere dejar so\u00f1ar. Donde hay alegr\u00eda est\u00e1 siempre Jes\u00fas. Porque Jes\u00fas es alegr\u00eda y quiere ayudarnos a que esa alegr\u00eda permanezca todos los d\u00edas\u00bb, afirm\u00f3.<\/span><\/p>\n<p><span class=\"text1noticias\"> <\/span><\/p>\n<p><span class=\"text1noticias\">Finalmente, antes de retirarse, el Papa quiso \u00abdejarles un homework (tarea), \u00bfpuede ser? Es un pedido sencillo pero muy importante: no se olviden de rezar por m\u00ed para que yo pueda compartir con muchos la alegr\u00eda de Jes\u00fas\u00bb.<\/span><\/p>\n<p><span class=\"text1noticias\"> <\/span><\/p>\n<p><span class=\"text1noticias\">\u00abY recemos tambi\u00e9n para que muchos puedan disfrutar de esta alegr\u00eda como la que tienen ustedes, cuando se sienten acompa\u00f1ados, ayudados, aconsejados, aunque haya problemas pero est\u00e1 esa paz en el coraz\u00f3n de que Jes\u00fas nunca abandona. Que Dios los bendiga  a todos y cada uno de ustedes y que la Virgen los cui<\/span>de\u00bb, concluy\u00f3.<\/p>\n<h6> 2015-09-25 19:28:53 <\/h6>\n<p><!--\n<link rel=\"stylesheet\" href=\"css\/bootstrap.min.css\">\n\n\n<ul class=\"pagination\">\n\t    \n\t\n\n<li >\n\t<a href='?page_no=22662'>Previous<\/a>\n\t<\/li>\n\n\n       \n    \n\n<li><a href='?page_no=1'>1<\/a><\/li>\n\n\n\n<li><a href='?page_no=2'>2<\/a><\/li>\n\n\n\n<li><a>...<\/a><\/li>\n\n\n\n<li><a href='?page_no=22661'>22661<\/a><\/li>\n\n\n\n<li><a href='?page_no=22662'>22662<\/a><\/li>\n\n\n\n<li class='active'><a>22663<\/a><\/li>\n\n\n\n<li><a href='?page_no=22664'>22664<\/a><\/li>\n\n\n\n<li><a href='?page_no=22665'>22665<\/a><\/li>\n\n\n\n<li><a>...<\/a><\/li>\n\n\n\n<li><a href='?page_no=51012'>51012<\/a><\/li>\n\n\n\n<li><a href='?page_no=51013'>51013<\/a><\/li>\n\n    \n\t\n\n<li >\n\t<a href='?page_no=22664'>Next<\/a>\n\t<\/li>\n\n\n    \n\n<li><a href='?page_no=51013'>Last &rsaquo;&rsaquo;<\/a><\/li>\n\n<\/ul>\n\n\n--><br \/>\n<\/body><\/p>\n","protected":false},"excerpt":{"rendered":"<p>Por Eduardo Berdejo NUEVA YORK, 25 Sep. 15 \/ 04:48 pm (ACI).- El Papa Francisco tuvo un encuentro informal con ni\u00f1os y adolescentes ?varios de ellos inmigrantes latinoamericanos? en la escuela cat\u00f3lica \u00abNuestra Se\u00f1ora Reina de los \u00c1ngeles\u00bb en el barrio de Harlem, as\u00ed como con personas que reciben ayuda de la C\u00e1ritas de la [&hellip;]<\/p>\n","protected":false},"author":3,"featured_media":0,"comment_status":"open","ping_status":"open","sticky":false,"template":"","format":"standard","meta":{"footnotes":""},"categories":[23],"tags":[],"class_list":["post-253018","post","type-post","status-publish","format-standard","hentry","category-internacional"],"_links":{"self":[{"href":"https:\/\/diariodominicano.com\/index.php?rest_route=\/wp\/v2\/posts\/253018","targetHints":{"allow":["GET"]}}],"collection":[{"href":"https:\/\/diariodominicano.com\/index.php?rest_route=\/wp\/v2\/posts"}],"about":[{"href":"https:\/\/diariodominicano.com\/index.php?rest_route=\/wp\/v2\/types\/post"}],"author":[{"embeddable":true,"href":"https:\/\/diariodominicano.com\/index.php?rest_route=\/wp\/v2\/users\/3"}],"replies":[{"embeddable":true,"href":"https:\/\/diariodominicano.com\/index.php?rest_route=%2Fwp%2Fv2%2Fcomments&post=253018"}],"version-history":[{"count":0,"href":"https:\/\/diariodominicano.com\/index.php?rest_route=\/wp\/v2\/posts\/253018\/revisions"}],"wp:attachment":[{"href":"https:\/\/diariodominicano.com\/index.php?rest_route=%2Fwp%2Fv2%2Fmedia&parent=253018"}],"wp:term":[{"taxonomy":"category","embeddable":true,"href":"https:\/\/diariodominicano.com\/index.php?rest_route=%2Fwp%2Fv2%2Fcategories&post=253018"},{"taxonomy":"post_tag","embeddable":true,"href":"https:\/\/diariodominicano.com\/index.php?rest_route=%2Fwp%2Fv2%2Ftags&post=253018"}],"curies":[{"name":"wp","href":"https:\/\/api.w.org\/{rel}","templated":true}]}}