{"id":253017,"date":"2015-09-26T09:59:47","date_gmt":"2015-09-26T09:59:47","guid":{"rendered":"http:\/\/diariodominicano.ddns.net\/?p=253017"},"modified":"2015-09-26T09:59:47","modified_gmt":"2015-09-26T09:59:47","slug":"el-papa-francisco-viaja-hacia-filadelfia-la-ultima-etapa-de-su-visita-oficial-a-eeuu","status":"publish","type":"post","link":"https:\/\/diariodominicano.com\/?p=253017","title":{"rendered":"El papa Francisco viaja hacia Filadelfia, la \u00faltima etapa de su visita oficial a EEUU"},"content":{"rendered":"<p><body><\/p>\n<p><img decoding=\"async\" src=\"img3\/papa 26.jpg\" \/>  <\/p>\n<p>Nueva York 26 septiembre (EFE).- El avi\u00f3n que traslada al papa Francisco despeg\u00f3 hoy del principal aeropuerto de Nueva York con destino a Filadelfia, la \u00faltima etapa de su visita oficial a Estados Unidos.<\/p>\n<\/p>\n<p>La aeronave despeg\u00f3 a las 09.09 hora local (13.09 GMT) desde la terminal a\u00e9rea del JFK, con destino a Filadelfia, donde despedir\u00e1 el Encuentro Mundial de las Familias. Adem\u00e1s, la agenda del pont\u00edfice en esa ciudad incluir\u00e1 una visita a una c\u00e1rcel y un discurso sobre inmigraci\u00f3n en el Independence Hall.<\/p>\n<\/p>\n<p>El papa Francisco fue despedido en el aeropuerto JFK por miembros del clero neoyorquino y un grupo de monjas. Al subir a la aeronave tropez\u00f3 un par de veces con los bajos de su sotana, afectada por el viento.<\/p>\n<\/p>\n<p>En Nueva York, Francisco realiz\u00f3 una hist\u00f3rica visita a la sede de la ONU, donde pronunci\u00f3 un discurso en una sesi\u00f3n de alto nivel de la Asamblea General, y ofici\u00f3 una misa en el Madison Square Garden a la que asistieron miles de personas.<\/p>\n<\/p>\n<p>Adem\u00e1s, realiz\u00f3 un acto religioso en la catedral de San Patricio y otro con representantes de distintos cultos en el World Trade Center, donde rindi\u00f3 un homenaje a las v\u00edctimas de los atentados del 11 de septiembre de 2001.Previamente, el papa estuvo dos d\u00edas en Washington, donde se reuni\u00f3 con el presidente de Estados Unidos, Barack Obama, y pronunci\u00f3 un discurso ante el Congreso.<\/p>\n<\/p>\n<h6> 2015-09-26 09:59:47 <\/h6>\n<p><!--\n<link rel=\"stylesheet\" href=\"css\/bootstrap.min.css\">\n\n\n<ul class=\"pagination\">\n\t    \n\t\n\n<li >\n\t<a href='?page_no=22661'>Previous<\/a>\n\t<\/li>\n\n\n       \n    \n\n<li><a href='?page_no=1'>1<\/a><\/li>\n\n\n\n<li><a href='?page_no=2'>2<\/a><\/li>\n\n\n\n<li><a>...<\/a><\/li>\n\n\n\n<li><a href='?page_no=22660'>22660<\/a><\/li>\n\n\n\n<li><a href='?page_no=22661'>22661<\/a><\/li>\n\n\n\n<li class='active'><a>22662<\/a><\/li>\n\n\n\n<li><a href='?page_no=22663'>22663<\/a><\/li>\n\n\n\n<li><a href='?page_no=22664'>22664<\/a><\/li>\n\n\n\n<li><a>...<\/a><\/li>\n\n\n\n<li><a href='?page_no=51012'>51012<\/a><\/li>\n\n\n\n<li><a href='?page_no=51013'>51013<\/a><\/li>\n\n    \n\t\n\n<li >\n\t<a href='?page_no=22663'>Next<\/a>\n\t<\/li>\n\n\n    \n\n<li><a href='?page_no=51013'>Last &rsaquo;&rsaquo;<\/a><\/li>\n\n<\/ul>\n\n\n--><br \/>\n<\/body><\/p>\n","protected":false},"excerpt":{"rendered":"<p>Nueva York 26 septiembre (EFE).- El avi\u00f3n que traslada al papa Francisco despeg\u00f3 hoy del principal aeropuerto de Nueva York con destino a Filadelfia, la \u00faltima etapa de su visita oficial a Estados Unidos. La aeronave despeg\u00f3 a las 09.09 hora local (13.09 GMT) desde la terminal a\u00e9rea del JFK, con destino a Filadelfia, donde [&hellip;]<\/p>\n","protected":false},"author":3,"featured_media":0,"comment_status":"open","ping_status":"open","sticky":false,"template":"","format":"standard","meta":{"footnotes":""},"categories":[23],"tags":[],"class_list":["post-253017","post","type-post","status-publish","format-standard","hentry","category-internacional"],"_links":{"self":[{"href":"https:\/\/diariodominicano.com\/index.php?rest_route=\/wp\/v2\/posts\/253017","targetHints":{"allow":["GET"]}}],"collection":[{"href":"https:\/\/diariodominicano.com\/index.php?rest_route=\/wp\/v2\/posts"}],"about":[{"href":"https:\/\/diariodominicano.com\/index.php?rest_route=\/wp\/v2\/types\/post"}],"author":[{"embeddable":true,"href":"https:\/\/diariodominicano.com\/index.php?rest_route=\/wp\/v2\/users\/3"}],"replies":[{"embeddable":true,"href":"https:\/\/diariodominicano.com\/index.php?rest_route=%2Fwp%2Fv2%2Fcomments&post=253017"}],"version-history":[{"count":0,"href":"https:\/\/diariodominicano.com\/index.php?rest_route=\/wp\/v2\/posts\/253017\/revisions"}],"wp:attachment":[{"href":"https:\/\/diariodominicano.com\/index.php?rest_route=%2Fwp%2Fv2%2Fmedia&parent=253017"}],"wp:term":[{"taxonomy":"category","embeddable":true,"href":"https:\/\/diariodominicano.com\/index.php?rest_route=%2Fwp%2Fv2%2Fcategories&post=253017"},{"taxonomy":"post_tag","embeddable":true,"href":"https:\/\/diariodominicano.com\/index.php?rest_route=%2Fwp%2Fv2%2Ftags&post=253017"}],"curies":[{"name":"wp","href":"https:\/\/api.w.org\/{rel}","templated":true}]}}