{"id":253016,"date":"2015-09-26T10:12:12","date_gmt":"2015-09-26T10:12:12","guid":{"rendered":"http:\/\/diariodominicano.ddns.net\/?p=253016"},"modified":"2015-09-26T10:12:12","modified_gmt":"2015-09-26T10:12:12","slug":"leonel-fernandez-ve-con-optimismo-el-futuro-de-latinoamerica-y-el-caribe","status":"publish","type":"post","link":"https:\/\/diariodominicano.com\/?p=253016","title":{"rendered":"Leonel Fern\u00e1ndez ve con optimismo el futuro de Latinoam\u00e9rica y el Caribe"},"content":{"rendered":"<p><body><\/p>\n<p><img decoding=\"async\" src=\"img3\/leonel001.jpg\" \/><br \/><img decoding=\"async\" src=\"img3\/leonel002.jpg\" \/><br \/><img decoding=\"async\" src=\"img3\/leonel003.jpg\" \/>  <\/p>\n<p><span class=\"text1noticias\">NEW JERSEY (EE.UU), 26 de Septiembre de 2015.- El ex presidente de la Rep\u00fablica Dominicana y presidente de la Fundaci\u00f3n Global Democracia y Desarrollo (Funglode), doctor Leonel Fern\u00e1ndez, dijo el viernes sentirse optimista ante la capacidad de Am\u00e9rica Latina y el Caribe para superar los enormes desaf\u00edos que tiene por delante de cara al futuro.<\/span><\/p>\n<\/p>\n<p><span class=\"text1noticias\">Fern\u00e1ndez indic\u00f3, sin embargo, que para enfrentar con \u00e9xito sus grandes retos, la regi\u00f3n latinoamericana y caribe\u00f1a debe consolidar sus democracias, reforzar el Estado de Derecho y afianzar el respeto a los derechos humanos.<\/span><\/p>\n<\/p>\n<p><strong><span class=\"text1noticias\">El ex jefe de Estado dominicano hizo la afirmaci\u00f3n en el marco de una conferencia magistral que dict\u00f3 en la Escuela de Diplomacia de la Universidad Seton Hall, de este Estado de New Jersey, tras la firma de un memorando de entendimiento para fines de colaboraci\u00f3n interinstitucional entre la instituci\u00f3n acad\u00e9mica, Funglode y la Asociaci\u00f3n Dominicana de las Naciones Unidas.<\/span><\/strong><\/p>\n<\/p>\n<p><span class=\"text1noticias\">En su conferencia, que vers\u00f3 sobre \u00abEl futuro econ\u00f3mico y pol\u00edtico de Am\u00e9rica Latina y el Caribe\u00bb, Fern\u00e1ndez se\u00f1al\u00f3 que sobre la regi\u00f3n latinoamericana y caribe\u00f1a se ciernen grandes amenazas que a su entender podr\u00edan poner en peligro los logros sociales, econ\u00f3micos y pol\u00edticos alcanzados en las \u00faltimas d\u00e9cadas.<\/span><\/p>\n<\/p>\n<p><span class=\"text1noticias\">\u00abLa situaci\u00f3n econ\u00f3mica mundial actual ha impactado negativamente en Latinoam\u00e9rica, creando una ola de malestar social que conduce a protestas y disturbios pol\u00edticos\u00bb, precis\u00f3, a este respecto, el exgobernante.<\/span><\/p>\n<\/p>\n<p><span class=\"text1noticias\">En su intervenci\u00f3n, Fern\u00e1ndez tambi\u00e9n reconoci\u00f3 que siempre habr\u00e1 algunos factores externos que est\u00e9n fuera del control de los Estados nacionales, especialmente en los pa\u00edses en desarrollo que dependen de los resultados que se producen en el mundo desarrollado. De igual manera, dijo que a pesar de los grandes avances que se han hecho en el acceso a la educaci\u00f3n en todos los pa\u00edses de la regi\u00f3n, la calidad de la ense\u00f1anza sigue siendo baja, por lo que se requerir\u00e1 un esfuerzo mayor en el desarrollo de contenidos, los programas de formaci\u00f3n del profesorado y el intercambio y la cooperaci\u00f3n internacionales.<\/span><\/p>\n<\/p>\n<p><span class=\"text1noticias\">A juicio del ex mandatario dominicano,  la regi\u00f3n de Am\u00e9rica Latina y el Caribe ya no deber\u00eda ser una consumidora pasiva de tecnolog\u00edas de punta, sino que deber\u00eda disponer de una fuerza de trabajo altamente capacitada, capaz de innovar y fabricar productos que puedan ser distribuidos a trav\u00e9s de una cadena global de suministro.<\/span><\/p>\n<\/p>\n<p><span class=\"text1noticias\">Se\u00f1al\u00f3 que para garantizar el crecimiento econ\u00f3mico sostenido y el bienestar social en la regi\u00f3n, hay cuestiones clave que deben ser consideradas, entre las que cit\u00f3 la creaci\u00f3n de un modelo econ\u00f3mico que aumenta el crecimiento del PIB, la productividad y la innovaci\u00f3n.<\/span><\/p>\n<\/p>\n<p><strong><span class=\"text1noticias\">Alcance del acuerdo<\/span><\/strong><\/p>\n<\/p>\n<p><span class=\"text1noticias\">El acuerdo firmado entre La Escuela de Diplomacia de la Universidad de Seton Hall, la Fundaci\u00f3n Global Democracia y Desarrollo y la Asociaci\u00f3n de las Naciones Unidas de la Rep\u00fablica Dominicana permitir\u00e1 la creaci\u00f3n de programas acad\u00e9micos especiales, dise\u00f1ados por las instituciones con especialistas, as\u00ed como la realizaci\u00f3n de publicaciones e investigaciones de inter\u00e9s para ambas partes, programas de entrenamiento, becas y otras iniciativas conjuntas.<\/span><\/p>\n<\/p>\n<p><span class=\"text1noticias\">En el marco del acuerdo suscrito tambi\u00e9n se procurar\u00e1 el fortalecimiento de los centros de estudios de Funglode y la Escuela de Diplomacia de la Universidad de Seton Hall.<\/span><\/p>\n<\/p>\n<p><span class=\"text1noticias\">Al t\u00e9rmino del acto, el joven estudiante dominicano Luis R. Sosa le entreg\u00f3 al ex presidente Fern\u00e1ndez, en nombre de los estudiantes de la Facultad de Diplomacia y Relaciones Internacionales, el \u00abs\u00edmbolo de apreciaci\u00f3n\u00bb, en agradecimiento por su visita a la instituci\u00f3n educativa.<\/span><\/p>\n<\/p>\n<p><span class=\"text1noticias\">\u00abReciba esta muestra de aprecio en nombre de los estudiantes de la Facultad de Diplomacia y Relaciones Internacionales. Estamos muy contentos con el acuerdo entre la Facultad de Diplomacia y FUNGLODE y esperamos que esta relaci\u00f3n sea de beneficio para ambas organizaciones\u00bb, expres\u00f3 Sosa.<\/span><\/p>\n<\/p>\n<\/p>\n<\/p>\n<h6> 2015-09-26 10:12:12 <\/h6>\n<p><!--\n<link rel=\"stylesheet\" href=\"css\/bootstrap.min.css\">\n\n\n<ul class=\"pagination\">\n\t    \n\t\n\n<li >\n\t<a href='?page_no=22660'>Previous<\/a>\n\t<\/li>\n\n\n       \n    \n\n<li><a href='?page_no=1'>1<\/a><\/li>\n\n\n\n<li><a href='?page_no=2'>2<\/a><\/li>\n\n\n\n<li><a>...<\/a><\/li>\n\n\n\n<li><a href='?page_no=22659'>22659<\/a><\/li>\n\n\n\n<li><a href='?page_no=22660'>22660<\/a><\/li>\n\n\n\n<li class='active'><a>22661<\/a><\/li>\n\n\n\n<li><a href='?page_no=22662'>22662<\/a><\/li>\n\n\n\n<li><a href='?page_no=22663'>22663<\/a><\/li>\n\n\n\n<li><a>...<\/a><\/li>\n\n\n\n<li><a href='?page_no=51012'>51012<\/a><\/li>\n\n\n\n<li><a href='?page_no=51013'>51013<\/a><\/li>\n\n    \n\t\n\n<li >\n\t<a href='?page_no=22662'>Next<\/a>\n\t<\/li>\n\n\n    \n\n<li><a href='?page_no=51013'>Last &rsaquo;&rsaquo;<\/a><\/li>\n\n<\/ul>\n\n\n--><br \/>\n<\/body><\/p>\n","protected":false},"excerpt":{"rendered":"<p>NEW JERSEY (EE.UU), 26 de Septiembre de 2015.- El ex presidente de la Rep\u00fablica Dominicana y presidente de la Fundaci\u00f3n Global Democracia y Desarrollo (Funglode), doctor Leonel Fern\u00e1ndez, dijo el viernes sentirse optimista ante la capacidad de Am\u00e9rica Latina y el Caribe para superar los enormes desaf\u00edos que tiene por delante de cara al futuro. [&hellip;]<\/p>\n","protected":false},"author":3,"featured_media":0,"comment_status":"open","ping_status":"open","sticky":false,"template":"","format":"standard","meta":{"footnotes":""},"categories":[23],"tags":[],"class_list":["post-253016","post","type-post","status-publish","format-standard","hentry","category-internacional"],"_links":{"self":[{"href":"https:\/\/diariodominicano.com\/index.php?rest_route=\/wp\/v2\/posts\/253016","targetHints":{"allow":["GET"]}}],"collection":[{"href":"https:\/\/diariodominicano.com\/index.php?rest_route=\/wp\/v2\/posts"}],"about":[{"href":"https:\/\/diariodominicano.com\/index.php?rest_route=\/wp\/v2\/types\/post"}],"author":[{"embeddable":true,"href":"https:\/\/diariodominicano.com\/index.php?rest_route=\/wp\/v2\/users\/3"}],"replies":[{"embeddable":true,"href":"https:\/\/diariodominicano.com\/index.php?rest_route=%2Fwp%2Fv2%2Fcomments&post=253016"}],"version-history":[{"count":0,"href":"https:\/\/diariodominicano.com\/index.php?rest_route=\/wp\/v2\/posts\/253016\/revisions"}],"wp:attachment":[{"href":"https:\/\/diariodominicano.com\/index.php?rest_route=%2Fwp%2Fv2%2Fmedia&parent=253016"}],"wp:term":[{"taxonomy":"category","embeddable":true,"href":"https:\/\/diariodominicano.com\/index.php?rest_route=%2Fwp%2Fv2%2Fcategories&post=253016"},{"taxonomy":"post_tag","embeddable":true,"href":"https:\/\/diariodominicano.com\/index.php?rest_route=%2Fwp%2Fv2%2Ftags&post=253016"}],"curies":[{"name":"wp","href":"https:\/\/api.w.org\/{rel}","templated":true}]}}