{"id":253015,"date":"2015-09-26T13:36:34","date_gmt":"2015-09-26T13:36:34","guid":{"rendered":"http:\/\/diariodominicano.ddns.net\/?p=253015"},"modified":"2015-09-26T13:36:34","modified_gmt":"2015-09-26T13:36:34","slug":"papa-reclama-mayor-implicacion-de-laicos-por-futuro-de-la-iglesia","status":"publish","type":"post","link":"https:\/\/diariodominicano.com\/?p=253015","title":{"rendered":"Papa reclama mayor implicaci\u00f3n de laicos por futuro de la Iglesia"},"content":{"rendered":"<p><body><\/p>\n<p><img decoding=\"async\" src=\"img3\/papalaico.jpg\" \/>  <\/p>\n<p><span class=\"text1noticias\">Washington, 26 sep (PL) El papa Francisco afirm\u00f3 que el futuro de la Iglesia cat\u00f3lica requiere \u00abuna participaci\u00f3n mucho m\u00e1s activa\u00bb de los fieles laicos, durante una misa celebrada en la Catedral San Pedro y San Pablo en Filadelfia, Estados Unidos.<\/span><\/p>\n<\/p>\n<p><span class=\"text1noticias\">Francisco arrib\u00f3 esta ma\u00f1ana a esa ciudad procedente de Nueva York y se dirigi\u00f3 a la catedral, donde su homil\u00eda reclam\u00f3 una mayor implicaci\u00f3n de los laicos cat\u00f3licos \u00aben una sociedad que cambia r\u00e1pidamente\u00bb.<\/span><\/p>\n<\/p>\n<p><span class=\"text1noticias\">Una Vez m\u00e1s, el Sumo Pont\u00edfice abog\u00f3 ante obispos y otro cl\u00e9rigos por \u00abun sentido de colaboraci\u00f3n y responsabilidad compartida en la planificaci\u00f3n del futuro de nuestras parroquias e instituciones\u00bb sin que ello implique \u00abrenunciar a la autoridad espiritual que se nos ha confiado\u00bb.<\/span><\/p>\n<\/p>\n<p><span class=\"text1noticias\">El Papa reconoci\u00f3 el aporte de los laicos a la comunidad cat\u00f3lica y volvi\u00f3 a elogiar especialmente -como ya hizo en Nueva York- a las religiosas y mujeres fieles.<\/span><\/p>\n<\/p>\n<p><span class=\"text1noticias\">Su Santidad pidi\u00f3 al clero de Filadelfia orar por las familias y los j\u00f3venes, as\u00ed como por \u00ablas decisiones\u00bb del S\u00ednodo sobre esa instituci\u00f3n b\u00e1sica de la sociedad que se realizar\u00e1 en el Vaticano del 4 al 25 de octubre pr\u00f3ximo.<\/span><\/p>\n<\/p>\n<p><span class=\"text1noticias\">El Papa estar\u00e1 en esa urbe hasta ma\u00f1ana, cuando tomar\u00e1 parte en la culminaci\u00f3n del VIII Encuentro Mundial de las Familias.<\/span><\/p>\n<\/p>\n<p><span class=\"text1noticias\">Esta tarde, Francisco tiene previsto intervenir en un encuentro para la libertad religiosa con la comunidad hispana y otros inmigrantes en el Independence Mall.<\/span><\/p>\n<\/p>\n<p><span class=\"text1noticias\">Luego, participar\u00e1 la fiesta de las familias y una vigilia de oraci\u00f3n en el B. Franklin Parkway, seg\u00fan el programa oficial de su visita a Filadelfia.<\/span><\/p>\n<\/p>\n<p><span class=\"text1noticias\">Entre las figuras que se espera asistan a la velada est\u00e1n Aretha Franklin -considerada la Reina del Soul-, quien interpretar\u00e1 Amazing Grace, y el cantante colombiano Juanes.<\/span><\/p>\n<\/p>\n<p><span class=\"text1noticias\">La v\u00edspera, el primer Papa jesuita y latinoamericano intervino en el plenario de la Asamblea General de Naciones Unidas, en Nueva York, donde exhort\u00f3 a la protecci\u00f3n del medio ambiente como un elemento clave para garantizar en el planeta la inclusi\u00f3n pol\u00edtica, social y econ\u00f3mica.<\/span><\/p>\n<\/p>\n<p><span class=\"text1noticias\">En su considerado hist\u00f3rico discurso ante la plenaria de los 193 pa\u00edses miembros de la ONU, el Sumo Pont\u00edfice se\u00f1al\u00f3 que existe un estrecho v\u00ednculo entre la destrucci\u00f3n de la naturaleza por los poderes y ambiciones desmedidos y la exclusi\u00f3n.<\/span><\/p>\n<\/p>\n<p><span class=\"text1noticias\">\u00abCualquier da\u00f1o al ambiente es por tanto un da\u00f1o a la humanidad\u00bb, advirti\u00f3 Francisco, quien expuso aqu\u00ed que \u00abpara todas las creencias religiosas, el ambiente es un bien universal\u00bb.<\/span><\/p>\n<\/p>\n<p><span class=\"text1noticias\">El Obispo de Roma tambi\u00e9n se refiri\u00f3 en sus palabras a la importancia de Naciones Unidas para enfrentar los desaf\u00edos existentes en el planeta y destac\u00f3 el 70 aniversario de su creaci\u00f3n<\/span>.<\/p>\n<h6> 2015-09-26 13:36:34 <\/h6>\n<p><!--\n<link rel=\"stylesheet\" href=\"css\/bootstrap.min.css\">\n\n\n<ul class=\"pagination\">\n\t    \n\t\n\n<li >\n\t<a href='?page_no=22659'>Previous<\/a>\n\t<\/li>\n\n\n       \n    \n\n<li><a href='?page_no=1'>1<\/a><\/li>\n\n\n\n<li><a href='?page_no=2'>2<\/a><\/li>\n\n\n\n<li><a>...<\/a><\/li>\n\n\n\n<li><a href='?page_no=22658'>22658<\/a><\/li>\n\n\n\n<li><a href='?page_no=22659'>22659<\/a><\/li>\n\n\n\n<li class='active'><a>22660<\/a><\/li>\n\n\n\n<li><a href='?page_no=22661'>22661<\/a><\/li>\n\n\n\n<li><a href='?page_no=22662'>22662<\/a><\/li>\n\n\n\n<li><a>...<\/a><\/li>\n\n\n\n<li><a href='?page_no=51012'>51012<\/a><\/li>\n\n\n\n<li><a href='?page_no=51013'>51013<\/a><\/li>\n\n    \n\t\n\n<li >\n\t<a href='?page_no=22661'>Next<\/a>\n\t<\/li>\n\n\n    \n\n<li><a href='?page_no=51013'>Last &rsaquo;&rsaquo;<\/a><\/li>\n\n<\/ul>\n\n\n--><br \/>\n<\/body><\/p>\n","protected":false},"excerpt":{"rendered":"<p>Washington, 26 sep (PL) El papa Francisco afirm\u00f3 que el futuro de la Iglesia cat\u00f3lica requiere \u00abuna participaci\u00f3n mucho m\u00e1s activa\u00bb de los fieles laicos, durante una misa celebrada en la Catedral San Pedro y San Pablo en Filadelfia, Estados Unidos. Francisco arrib\u00f3 esta ma\u00f1ana a esa ciudad procedente de Nueva York y se dirigi\u00f3 [&hellip;]<\/p>\n","protected":false},"author":3,"featured_media":0,"comment_status":"open","ping_status":"open","sticky":false,"template":"","format":"standard","meta":{"footnotes":""},"categories":[23],"tags":[],"class_list":["post-253015","post","type-post","status-publish","format-standard","hentry","category-internacional"],"_links":{"self":[{"href":"https:\/\/diariodominicano.com\/index.php?rest_route=\/wp\/v2\/posts\/253015","targetHints":{"allow":["GET"]}}],"collection":[{"href":"https:\/\/diariodominicano.com\/index.php?rest_route=\/wp\/v2\/posts"}],"about":[{"href":"https:\/\/diariodominicano.com\/index.php?rest_route=\/wp\/v2\/types\/post"}],"author":[{"embeddable":true,"href":"https:\/\/diariodominicano.com\/index.php?rest_route=\/wp\/v2\/users\/3"}],"replies":[{"embeddable":true,"href":"https:\/\/diariodominicano.com\/index.php?rest_route=%2Fwp%2Fv2%2Fcomments&post=253015"}],"version-history":[{"count":0,"href":"https:\/\/diariodominicano.com\/index.php?rest_route=\/wp\/v2\/posts\/253015\/revisions"}],"wp:attachment":[{"href":"https:\/\/diariodominicano.com\/index.php?rest_route=%2Fwp%2Fv2%2Fmedia&parent=253015"}],"wp:term":[{"taxonomy":"category","embeddable":true,"href":"https:\/\/diariodominicano.com\/index.php?rest_route=%2Fwp%2Fv2%2Fcategories&post=253015"},{"taxonomy":"post_tag","embeddable":true,"href":"https:\/\/diariodominicano.com\/index.php?rest_route=%2Fwp%2Fv2%2Ftags&post=253015"}],"curies":[{"name":"wp","href":"https:\/\/api.w.org\/{rel}","templated":true}]}}