{"id":253012,"date":"2015-09-26T22:45:57","date_gmt":"2015-09-26T22:45:57","guid":{"rendered":"http:\/\/diariodominicano.ddns.net\/?p=253012"},"modified":"2015-09-26T22:45:57","modified_gmt":"2015-09-26T22:45:57","slug":"comienza-nueva-etapa-en-diferendo-chile-bolivia-afirma-bachelet","status":"publish","type":"post","link":"https:\/\/diariodominicano.com\/?p=253012","title":{"rendered":"Comienza \u00abnueva etapa\u00bb en diferendo Chile-Bolivia, afirma Bachelet"},"content":{"rendered":"<p><body><\/p>\n<p><span class=\"text1noticias\">SANTIAGO, 26 sep (Xnhua) &#8212; La presidenta chilena Michelle Bachelet dijo hoy que \u00abse abre una nueva etapa\u00bb en el diferendo entre Chile y Bolivia, tras el fallo de la Corte Internacional de Justicia de La Haya (CIJ) emitido el pasado jueves.<\/span><\/p>\n<p><span class=\"text1noticias\"> <\/span><\/p>\n<p><span class=\"text1noticias\">La mandataria chilena, quien viaj\u00f3 a Nueva York para participar en la 70 Sesi\u00f3n Ordinaria de la Asamblea General de las Naciones Unidas, se\u00f1al\u00f3 que la pr\u00f3xima semana la canciller\u00eda realizar\u00eda anuncios en la materia.<\/span><\/p>\n<p><span class=\"text1noticias\"> <\/span><\/p>\n<p><span class=\"text1noticias\">La CIJ rechaz\u00f3 el pasado 24 de septiembre la solicitud de incompetencia planteada por Chile para no acoger la demanda mar\u00edtima de Bolivia, en la cual se argumentaba que la ambos pa\u00edses fijaron sus fronteras en Tratado de 1904, antes del Pacto de Bogot\u00e1 (1948), Tratado Americano de Soluciones Pac\u00edficas.<\/span><\/p>\n<p><span class=\"text1noticias\"> <\/span><\/p>\n<p><span class=\"text1noticias\">La mandataria ratific\u00f3 en sus cargos al agente chileno, Felipe Bulnes, y tambi\u00e9n a los \u00abcoagentes\u00bb, no obstante se analizar\u00e1 si es necesario ampliar el equipo.<\/span><\/p>\n<p><span class=\"text1noticias\"> <\/span><\/p>\n<p><span class=\"text1noticias\">Sobre la postura preliminar presentada por Chile, cuya tesis era que no hab\u00eda asunto fronterizo pendiente con Bolivia, Bachelet insisti\u00f3 que \u00abfue una decisi\u00f3n correcta\u00bb.<\/span><\/p>\n<p><span class=\"text1noticias\"> <\/span><\/p>\n<p><span class=\"text1noticias\">\u00abEl juicio contin\u00faa, pero cambi\u00f3 su naturaleza, y el cambio es extremadamente positivo para Chile. Este cambio significa con claridad que no est\u00e1 bajo ning\u00fan riesgo la integridad territorial en nuestro pa\u00eds\u00bb, indic\u00f3.<\/span><\/p>\n<p><span class=\"text1noticias\"> <\/span><\/p>\n<p><span class=\"text1noticias\">Bachelet explic\u00f3 que \u00abeste diferendo es distinto del anterior y, por lo tanto, nos implica mirar c\u00f3mo nos organizamos y qu\u00e9 pasos damos para asumirlo\u00bb.<\/span><\/p>\n<p><span class=\"text1noticias\"> <\/span><\/p>\n<p><span class=\"text1noticias\">Sobre las relaciones con Bolivia, que s\u00f3lo tienen nivel consular, la mandataria afirm\u00f3 que Chile siempre ha estado disponible a reanudar las relaciones diplom\u00e1ticas.<\/span><\/p>\n<p><span class=\"text1noticias\"> <\/span><\/p>\n<p><span class=\"text1noticias\">Sobre los dichos del ministro del Interior, Jorge Burgos quien se\u00f1al\u00f3 que desde el punto de vista procesal, el fallo de La Haya \u00abfue un mal resultado para nosotros\u00bb, Bachelet aclar\u00f3 que su gobierno no lo considera \u00abun rev\u00e9s jur\u00eddico\u00bb, y el fallo \u00abes m\u00e1s bien, mucho mejor de lo que esper\u00e1bamos\u00bb.<\/span><\/p>\n<p><span class=\"text1noticias\"> <\/span><\/p>\n<p><span class=\"text1noticias\">A pesar del respaldo entregado a la posici\u00f3n del gobierno, los partidos de derecha criticaron la estrategia comunicacional y diplom\u00e1tica desplegada por el gobierno para enfrentar la demanda de Bolivia, aunque apoyaron a Bulnes, quien es de su sector.<\/span><\/p>\n<p><span class=\"text1noticias\"> <\/span><\/p>\n<p><span class=\"text1noticias\">Por su parte, la coalici\u00f3n oficialista Nueva Mayor\u00eda defendi\u00f3 la labor desplegada por los agentes enviados a La Haya, al respaldar la decisi\u00f3n tomada por la mandataria de mantener a Bulnes como agente.<\/span><\/p>\n<p><span class=\"text1noticias\"> <\/span><\/p>\n<p><span class=\"text1noticias\">El l\u00edder de la Democracia Cristiana, senador Jorge Pizarro, dijo que la colectividad se ha comprometido a entregar todo el apoyo a los miembros de la defensa ante la CIJ, pero expres\u00f3 que el gobierno debe reforzar el equipo de juristas.<\/span><\/p>\n<p><span class=\"text1noticias\"> <\/span><\/p>\n<p><span class=\"text1noticias\">A su vez, la senadora Isabel Allende, del Partido Socialista, respald\u00f3 al gobierno, al se\u00f1alar que \u00abahora es necesario preparar la contramemoria que debe ser presentada el 25 de julio del 2016 en la corte\u00bb.<\/span><\/p>\n<p><span class=\"text1noticias\"> <\/span><\/p>\n<p><span class=\"text1noticias\">El presidente del Movimiento Amplio Social, Alejandro Navarro, tambi\u00e9n manifest\u00f3 su apoyo al equipo jur\u00eddico y afirm\u00f3 que ser\u00eda err\u00f3neo que la defensa chilena se retire de La Haya.<\/span><\/p>\n<p><span class=\"text1noticias\"> <\/span><\/p>\n<p><span class=\"text1noticias\"> Por su parte, el presidente de Bolivia, Evo Morales, quien asiste a la Asamblea de la ONU en Nueva York, reiter\u00f3 este s\u00e1bado su disposici\u00f3n a conversar con el gobierno chileno sobre el tema del acceso al mar.<\/span><\/p>\n<p><span class=\"text1noticias\"> <\/span><\/p>\n<p><span class=\"text1noticias\"> \u00abAcordemos puntos, que nadie pierda, y, por eso, nuestra insistencia de ir a un di\u00e1logo\u00bb,  propuso Morales.<\/span><\/p>\n<p><span class=\"text1noticias\"> <\/span><\/p>\n<p><span class=\"text1noticias\">Record\u00f3 que durante el primer mandato presidencial de Bachelet (2006-2010) tuvo una \u00abbuena relaci\u00f3n\u00bb y se defini\u00f3 una agenda de 13 puntos, incluido el tema del mar.<\/span><\/p>\n<p><span class=\"text1noticias\"> <\/span><\/p>\n<p><span class=\"text1noticias\">\u00abLamento mucho que los compromisos no se cumplieron\u00bb, agreg\u00f3 el mandatario boliviano al mostrarse convencido de que la CIJ de La Haya \u00abhar\u00e1 justicia\u00bb a su pa\u00eds en su demanda por una salida al mar, perdida a manos de Chile en una guerra en el siglo XIX.<\/span><\/p>\n<p><span class=\"text1noticias\"> <\/span><\/p>\n<p><span class=\"text1noticias\">     \u00abCuando hay raz\u00f3n, cuando hay una injusticia, sobran elementos, sean jur\u00eddicos o pol\u00edticos\u00bb, precis\u00f3 e<\/span>l l\u00edder boliviano.<\/p>\n<h6> 2015-09-26 22:45:57 <\/h6>\n<p><!--\n<link rel=\"stylesheet\" href=\"css\/bootstrap.min.css\">\n\n\n<ul class=\"pagination\">\n\t    \n\t\n\n<li >\n\t<a href='?page_no=22656'>Previous<\/a>\n\t<\/li>\n\n\n       \n    \n\n<li><a href='?page_no=1'>1<\/a><\/li>\n\n\n\n<li><a href='?page_no=2'>2<\/a><\/li>\n\n\n\n<li><a>...<\/a><\/li>\n\n\n\n<li><a href='?page_no=22655'>22655<\/a><\/li>\n\n\n\n<li><a href='?page_no=22656'>22656<\/a><\/li>\n\n\n\n<li class='active'><a>22657<\/a><\/li>\n\n\n\n<li><a href='?page_no=22658'>22658<\/a><\/li>\n\n\n\n<li><a href='?page_no=22659'>22659<\/a><\/li>\n\n\n\n<li><a>...<\/a><\/li>\n\n\n\n<li><a href='?page_no=51012'>51012<\/a><\/li>\n\n\n\n<li><a href='?page_no=51013'>51013<\/a><\/li>\n\n    \n\t\n\n<li >\n\t<a href='?page_no=22658'>Next<\/a>\n\t<\/li>\n\n\n    \n\n<li><a href='?page_no=51013'>Last &rsaquo;&rsaquo;<\/a><\/li>\n\n<\/ul>\n\n\n--><br \/>\n<\/body><\/p>\n","protected":false},"excerpt":{"rendered":"<p>SANTIAGO, 26 sep (Xnhua) &#8212; La presidenta chilena Michelle Bachelet dijo hoy que \u00abse abre una nueva etapa\u00bb en el diferendo entre Chile y Bolivia, tras el fallo de la Corte Internacional de Justicia de La Haya (CIJ) emitido el pasado jueves. La mandataria chilena, quien viaj\u00f3 a Nueva York para participar en la 70 [&hellip;]<\/p>\n","protected":false},"author":3,"featured_media":0,"comment_status":"open","ping_status":"open","sticky":false,"template":"","format":"standard","meta":{"footnotes":""},"categories":[23],"tags":[],"class_list":["post-253012","post","type-post","status-publish","format-standard","hentry","category-internacional"],"_links":{"self":[{"href":"https:\/\/diariodominicano.com\/index.php?rest_route=\/wp\/v2\/posts\/253012","targetHints":{"allow":["GET"]}}],"collection":[{"href":"https:\/\/diariodominicano.com\/index.php?rest_route=\/wp\/v2\/posts"}],"about":[{"href":"https:\/\/diariodominicano.com\/index.php?rest_route=\/wp\/v2\/types\/post"}],"author":[{"embeddable":true,"href":"https:\/\/diariodominicano.com\/index.php?rest_route=\/wp\/v2\/users\/3"}],"replies":[{"embeddable":true,"href":"https:\/\/diariodominicano.com\/index.php?rest_route=%2Fwp%2Fv2%2Fcomments&post=253012"}],"version-history":[{"count":0,"href":"https:\/\/diariodominicano.com\/index.php?rest_route=\/wp\/v2\/posts\/253012\/revisions"}],"wp:attachment":[{"href":"https:\/\/diariodominicano.com\/index.php?rest_route=%2Fwp%2Fv2%2Fmedia&parent=253012"}],"wp:term":[{"taxonomy":"category","embeddable":true,"href":"https:\/\/diariodominicano.com\/index.php?rest_route=%2Fwp%2Fv2%2Fcategories&post=253012"},{"taxonomy":"post_tag","embeddable":true,"href":"https:\/\/diariodominicano.com\/index.php?rest_route=%2Fwp%2Fv2%2Ftags&post=253012"}],"curies":[{"name":"wp","href":"https:\/\/api.w.org\/{rel}","templated":true}]}}