{"id":253011,"date":"2015-09-27T10:36:06","date_gmt":"2015-09-27T10:36:06","guid":{"rendered":"http:\/\/diariodominicano.ddns.net\/?p=253011"},"modified":"2015-09-27T10:36:06","modified_gmt":"2015-09-27T10:36:06","slug":"el-papa-francisco-cierra-este-domingo-en-filadelfia-su-gira-de-seis-dias-por-estados-unidos","status":"publish","type":"post","link":"https:\/\/diariodominicano.com\/?p=253011","title":{"rendered":"El papa Francisco cierra este domingo en Filadelfia su gira de seis d\u00edas por Estados Unidos"},"content":{"rendered":"<p><body><\/p>\n<p><img decoding=\"async\" src=\"img3\/padre 27.jpg\" \/><br \/><img decoding=\"async\" src=\"img3\/papa 1.jpg\" \/><br \/><img decoding=\"async\" src=\"img3\/papim 1.jpg\" \/>  <\/p>\n<p>Filadelfia 27 septiembre.- El papa Francisco se reuni\u00f3 el domingo con v\u00edctimas de abuso sexual por parte de sacerdotes y prometi\u00f3 hacer rendir cuentas a los responsables. <\/p>\n<\/p>\n<p>El pont\u00edfice se encontr\u00f3 con ellos en su \u00faltimo d\u00eda de visita en Estados Unidos y envi\u00f3 un poderoso mensaje de advertencia a los obispos acusados de encubrir a ped\u00f3filos en lugar de reportarlos a la polic\u00eda.<\/p>\n<\/p>\n<p>El papa hizo el gesto de reconciliaci\u00f3n al inicio de un encuentro con obispos en Filadelfia y antes de dar una enorme misa.<\/p>\n<\/p>\n<p>Francisco dijo que las v\u00edctimas son \u00abverdaderos heraldos de la piedad\u00bb, quienes merecen la gratitud de la iglesia y manifest\u00f3 que el abuso sexual ya no puede mantenerse en secreto. Tambi\u00e9n prometi\u00f3 proteger \u00abcelosamente\u00bb a los j\u00f3venes y que \u00ablos responsables sean llevados a cuentas\u00bb.<\/p>\n<\/p>\n<p>Francisco decidi\u00f3 crear un tribunal vaticano para procesar a los cl\u00e9rigos que encubrieron a sacerdotes ped\u00f3filos.<\/p>\n<\/p>\n<p>A comienzos de semana, grupos de v\u00edctimas se quejaron de que Francisco ignor\u00f3 sus plegarias cuando felicit\u00f3 a los obispos por su \u00abvaliente\u00bb y generosa respuesta al esc\u00e1ndalo.<\/p>\n<\/p>\n<p>M\u00e1s tarde este domingo, el papa visitar\u00e1 la prisi\u00f3n m\u00e1s grande de Filadelfia y luego dar\u00e1 una misa a la que se espera la llegada de hasta un mill\u00f3n de fieles.<\/p>\n<\/p>\n<p>Se espera que el \u00abpapa del pueblo\u00bb, de 78 a\u00f1os y que parece alimentarse de la energ\u00eda de las masas que lo acompa\u00f1an, enfrente el domingo la m\u00e1s larga de las seis jornadas que ha pasado en Estados Unidos, que cerrar\u00e1 con una misa al aire libre en el Benjamin Franklin Parkway antes de volar de regreso a Roma.<\/p>\n<\/p>\n<p>El servicio religioso ser\u00e1 adem\u00e1s el acto m\u00e1s importante del Encuentro Mundial de Familias, un evento patrocinado por el Vaticano y que es el motivo por el cual el popular pont\u00edfice viaj\u00f3 a Filadelfia.<\/p>\n<\/p>\n<p>Cat\u00f3licos de todo el pa\u00eds est\u00e1n llegando a Filadelfia, a pie, cruzando puentes y llenando vagones del metro, cargados con bolsas y sillas plegables camino a la avenida donde el papa dar\u00e1 la misa.<\/p>\n<\/p>\n<p>Francisco comenz\u00f3 el d\u00eda con un encuentro con obispos de todo el mundo antes de acudir a la prisi\u00f3n Curran-Fromhold, donde visitar\u00e1 a 100 reos: una selecci\u00f3n de presuntos asesinos, violadores y pandilleros. Se espera que les ofrezca palabras de esperanza, perd\u00f3n y redenci\u00f3n.<\/p>\n<\/p>\n<p>\u00abSu misi\u00f3n son los marginados, los olvidados\u00bb, dijo la portavoz de la c\u00e1rcel, Shawn Hawes. \u00abSeg\u00fan lo que sabemos, quiere que aquellos que est\u00e1n bajo custodia sepan que no son olvidados y que pueden redimirse\u00bb.<\/p>\n<\/p>\n<p>Evangelizar en las prisiones ha sido una de las marcas del pontificado de Francisco. Suele reunirse a menudo con presos y ha lavado los pies a reos en las celebraciones de Semana Santa. Adem\u00e1s se opone a la pena de muerte en cualquier circunstancia y ha pedido la abolici\u00f3n de la cadena perpetua y la prisi\u00f3n incomunicada.<\/p>\n<\/p>\n<p>El papa aterriz\u00f3 en Filadelfia el s\u00e1bado por la ma\u00f1ana y ofreci\u00f3 una misa para unas 1,600 personas en la catedral-bas\u00edlica de San Pedro y San Pablo, diciendo que el futuro de la iglesia cat\u00f3lica en Estados Unidos necesita de un papel m\u00e1s activo de los fieles, especialmente de las mujeres. Francisco ha insistido en que las mujeres deber\u00edan tener un papel m\u00e1s amplio en el liderazgo de la iglesia, aunque ha rechazado la idea de ordenar mujeres sacerdote.<\/p>\n<\/p>\n<p>M\u00e1s tarde el s\u00e1bado, exalt\u00f3 los ideales de libertad e igualdad de los fundadores de Estados Unidos en un discurso en el exterior del Independence Hall, donde se firmaron la Declaraci\u00f3n de Independencia y la Constituci\u00f3n.<\/p>\n<\/p>\n<p>\u00abEsas palabras siguen resonando e inspir\u00e1ndonos hoy, como hicieron con personas de todo el mundo, para luchar por la libertad de vivir de acuerdo con su dignidad\u00bb, dijo Francisco, el primer papa latinoamericano, sobre el texto de la Declaraci\u00f3n de Independencia.<\/p>\n<\/p>\n<p>Se refiri\u00f3 a la abolici\u00f3n de la esclavitud, al crecimiento del movimiento obrero, a la lucha por la igualdad racial como prueba de que \u00abesto demuestra que, cuando un pa\u00eds est\u00e1 determinado a permanecer fiel a sus principios fundacionales, basados en el respeto a la dignidad humana, se fortalece y renueva\u00bb. Advirti\u00f3 que la libertad religiosa est\u00e1 en peligro pero no hizo menci\u00f3n directa al matrimonio homosexual, al aborto o al programa estatal de contracepci\u00f3n.<\/p>\n<\/p>\n<p>Denunci\u00f3 \u00abun mundo en el que diversas formas de tiran\u00eda moderna tratan de suprimir la libertad religiosa, o de reducirla a una subcultura sin derecho a voz y voto en la plaza p\u00fablica, o de utilizar la religi\u00f3n como pretexto para el odio y la brutalidad\u00bb.<\/p>\n<\/p>\n<p>Adem\u00e1s anim\u00f3 a los migrantes presentes entre los 40,000 asistentes al acto a celebrar su herencia y tradiciones y les asegur\u00f3 que son valiosos para Estados Unidos.<\/p>\n<\/p>\n<p>El lugar donde naci\u00f3 la democracia estadounidense se convirti\u00f3 en un fort\u00edn para la visita del papa, con calles bloqueadas por vallas met\u00e1licas y barreras de concreto, controles de seguridad similares a los de los aeropuertos para los asistentes y miles de polic\u00edas y soldados de la Guardia Nacional patrullando la ciudad.<\/p>\n<\/p>\n<p>Algunos tem\u00edan que las fuertes medidas de seguridad pudiesen desalentar a algunos fieles y, de hecho, el flujo de pasajeros en tren fue menor al esperado el s\u00e1bado. Los restauradores se quejaron de que tuvieron mesas vac\u00edas.<\/p>\n<\/p>\n<p>Los organizadores dijeron que esperan que alrededor de un mill\u00f3n de personas acuda a la \u00faltima misa de Francisco en Estados Unidos, un pa\u00eds que el argentino visita por primera vez. En el oficio religioso, seis familias ? de Australia, Congo, Cuba, Francia, Siria y Vietnam? recibir\u00e1n una edici\u00f3n del Evangelio de San Lucas firmada por Francisco. Adem\u00e1s tendr\u00e1n otras 100.000 copias m\u00e1s para distribuir en sus pa\u00edses de origen.<\/p>\n<\/p>\n<p>\u00abVoy a d\u00e1rselas a las personas que m\u00e1s lo necesitan\u00bb, dijo Thomas Coorey, dentista y padre de cuatro ni\u00f1os de Sydney. \u00abQuiero d\u00e1rselas a las personas que no tienen acceso a la palabra de Dios\u00bb.<\/p>\n<\/p>\n<p>Dijo que Francisco es \u00abel papa m\u00e1s inspirador e incre\u00edble que podr\u00eda dar vida a esta mi iglesia. Y estoy muy agradecido de tener un l\u00edder como \u00e9l, tan humilde y un verdadero siervo de Dios\u00bb.<\/p>\n<\/p>\n<h6> 2015-09-27 10:36:06 <\/h6>\n<p><!--\n<link rel=\"stylesheet\" href=\"css\/bootstrap.min.css\">\n\n\n<ul class=\"pagination\">\n\t    \n\t\n\n<li >\n\t<a href='?page_no=22655'>Previous<\/a>\n\t<\/li>\n\n\n       \n    \n\n<li><a href='?page_no=1'>1<\/a><\/li>\n\n\n\n<li><a href='?page_no=2'>2<\/a><\/li>\n\n\n\n<li><a>...<\/a><\/li>\n\n\n\n<li><a href='?page_no=22654'>22654<\/a><\/li>\n\n\n\n<li><a href='?page_no=22655'>22655<\/a><\/li>\n\n\n\n<li class='active'><a>22656<\/a><\/li>\n\n\n\n<li><a href='?page_no=22657'>22657<\/a><\/li>\n\n\n\n<li><a href='?page_no=22658'>22658<\/a><\/li>\n\n\n\n<li><a>...<\/a><\/li>\n\n\n\n<li><a href='?page_no=51012'>51012<\/a><\/li>\n\n\n\n<li><a href='?page_no=51013'>51013<\/a><\/li>\n\n    \n\t\n\n<li >\n\t<a href='?page_no=22657'>Next<\/a>\n\t<\/li>\n\n\n    \n\n<li><a href='?page_no=51013'>Last &rsaquo;&rsaquo;<\/a><\/li>\n\n<\/ul>\n\n\n--><br \/>\n<\/body><\/p>\n","protected":false},"excerpt":{"rendered":"<p>Filadelfia 27 septiembre.- El papa Francisco se reuni\u00f3 el domingo con v\u00edctimas de abuso sexual por parte de sacerdotes y prometi\u00f3 hacer rendir cuentas a los responsables. El pont\u00edfice se encontr\u00f3 con ellos en su \u00faltimo d\u00eda de visita en Estados Unidos y envi\u00f3 un poderoso mensaje de advertencia a los obispos acusados de encubrir [&hellip;]<\/p>\n","protected":false},"author":3,"featured_media":0,"comment_status":"open","ping_status":"open","sticky":false,"template":"","format":"standard","meta":{"footnotes":""},"categories":[23],"tags":[],"class_list":["post-253011","post","type-post","status-publish","format-standard","hentry","category-internacional"],"_links":{"self":[{"href":"https:\/\/diariodominicano.com\/index.php?rest_route=\/wp\/v2\/posts\/253011","targetHints":{"allow":["GET"]}}],"collection":[{"href":"https:\/\/diariodominicano.com\/index.php?rest_route=\/wp\/v2\/posts"}],"about":[{"href":"https:\/\/diariodominicano.com\/index.php?rest_route=\/wp\/v2\/types\/post"}],"author":[{"embeddable":true,"href":"https:\/\/diariodominicano.com\/index.php?rest_route=\/wp\/v2\/users\/3"}],"replies":[{"embeddable":true,"href":"https:\/\/diariodominicano.com\/index.php?rest_route=%2Fwp%2Fv2%2Fcomments&post=253011"}],"version-history":[{"count":0,"href":"https:\/\/diariodominicano.com\/index.php?rest_route=\/wp\/v2\/posts\/253011\/revisions"}],"wp:attachment":[{"href":"https:\/\/diariodominicano.com\/index.php?rest_route=%2Fwp%2Fv2%2Fmedia&parent=253011"}],"wp:term":[{"taxonomy":"category","embeddable":true,"href":"https:\/\/diariodominicano.com\/index.php?rest_route=%2Fwp%2Fv2%2Fcategories&post=253011"},{"taxonomy":"post_tag","embeddable":true,"href":"https:\/\/diariodominicano.com\/index.php?rest_route=%2Fwp%2Fv2%2Ftags&post=253011"}],"curies":[{"name":"wp","href":"https:\/\/api.w.org\/{rel}","templated":true}]}}