{"id":253010,"date":"2015-09-27T11:15:55","date_gmt":"2015-09-27T11:15:55","guid":{"rendered":"http:\/\/diariodominicano.ddns.net\/?p=253010"},"modified":"2015-09-27T11:15:55","modified_gmt":"2015-09-27T11:15:55","slug":"miles-de-personas-marcharon-para-recordar-a-los-43-estudiantes-desparecidos-en-ayotzinapa-hace-un-ano","status":"publish","type":"post","link":"https:\/\/diariodominicano.com\/?p=253010","title":{"rendered":"Miles de personas marcharon para recordar a los 43 estudiantes desparecidos en Ayotzinapa hace un a\u00f1o"},"content":{"rendered":"<p><body><\/p>\n<p><img decoding=\"async\" src=\"img3\/marcha 1.jpg\" \/><br \/><img decoding=\"async\" src=\"img3\/marcha 2.jpg\" \/><br \/><img decoding=\"async\" src=\"img3\/marcha 28.jpg\" \/>  <\/p>\n<p>M\u00e9xico DF 28 septiembre.- Los padres de 43 estudiantes desaparecidos en M\u00e9xico encabezaron una marcha en la que participaron miles de personas en la capital para conmemorar un a\u00f1o desde su desaparici\u00f3n.<\/p>\n<\/p>\n<p>Los familares de los desaparecidos reclaman al gobierno mexicano que haga m\u00e1s para llegar al fondo de lo sucedido.<\/p>\n<\/p>\n<p>Muchos llevaron fotos de sus seres queridos, exigiendo justicia, y banderas te M\u00e9xico te\u00f1idas de luto.<\/p>\n<\/p>\n<p>Los padres quieren que el gobierno deje la investigaci\u00f3n en manos de una unidad especial bajo supervisi\u00f3n internacional.<\/p>\n<\/p>\n<p>Las familias quieren que se encargue de la investigaci\u00f3n una unidad especial bajo supervisi\u00f3n internacional.<\/p>\n<\/p>\n<p>Los familiares de los j\u00f3venes dudan de la versi\u00f3n gubernamental de que los estudiantes fueron entregados por la polic\u00eda en la ciudad de Iguala a una banda criminal, que posteriormente los mat\u00f3.<\/p>\n<\/p>\n<p>Un grupo de expertos independientes sugiri\u00f3 que los estudiantes fueron asesinados porque, sin saberlo, tomaron el control de un autob\u00fas que transportaba drogas ilegales, y el gobierno no hizo nada para protegerlos.<\/p>\n<\/p>\n<p>Mientras tanto, el presidente de M\u00e9xico, Enrique Pe\u00f1a Nieto, anunci\u00f3 la creaci\u00f3n de un equipo especial para investigar el caso.<\/p>\n<\/p>\n<p><strong>No a la impunidad<\/strong><\/p>\n<\/p>\n<p>Los manifestantes marcharon por el Paseo de la Reforma de Ciudad hacia la hist\u00f3rica plaza del Z\u00f3calo de la capital.<\/p>\n<p>\u00abVinimos con sed de justicia\u00bb, dijo la estudiante Sof\u00eda Rojas dijo a la agencia de noticias AFP.<\/p>\n<\/p>\n<p>Algunos manifestantes se pintaron el rostro con rojo para denunciar la violencia en el pa\u00eds.<\/p>\n<\/p>\n<p>\u00abNo puede haber impunidad. Detr\u00e1s de los 43 hay miles de desaparecidos\u00bb.<\/p>\n<\/p>\n<p>La activista Mar\u00eda Guadalupe Vicencio del estado de Tamaulipas, dijo que la protesta \u00abes un ejemplo para todos los mexicanos a despertar y no permanecer en silencio\u00bb.<\/p>\n<\/p>\n<p>Las autoridades mexicanas calculan que 15.000 personas participaron en la marcha de la capital y hubo 18.000 en el mitin que se realiz\u00f3 en la plaza del Z\u00f3calo.<\/p>\n<\/p>\n<p>Los manifestantes llamaron la marcha \u00abun d\u00eda de indignaci\u00f3n\u00bb para mostrar la ira hacia el gobierno por el manejo de la desaparici\u00f3n estudiantes.<\/p>\n<\/p>\n<p>Entre los carteles que portaban los manifestantes se pod\u00eda leer: \u00ab\u00a1Fuera Pe\u00f1a Nieto\u00bb y \u00abNo m\u00e1s desapariciones y no m\u00e1s muertes\u00bb.<\/p>\n<\/p>\n<p>El secuestro de los estudiantes gener\u00f3 ira entre la poblaci\u00f3n contra el gobierno al que culpan de lo sucedido.<\/p>\n<\/p>\n<p>En otras partes del pa\u00eds tambi\u00e9n se sucedieron las protestas como en Chilpancingo.<\/p>\n<\/p>\n<p>A principios de esta semana, el presidente se reuni\u00f3 con los familiares y les asegur\u00f3 que estaba de su lado y que tambi\u00e9n quer\u00eda llegar al fondo de lo ocurrido.<\/p>\n<\/p>\n<p>Pero hablando con los familiares de los desaparecidos en la cabecera de la manifestaci\u00f3n es evidente que hay una gran cantidad de desconfianza y creen que el gobierno no los est\u00e1 apoyando.<\/p>\n<\/p>\n<p>Las familias tambi\u00e9n exigieron al gobierno que estudie el posible papel del ej\u00e9rcito en la desaparici\u00f3n de los estudiantes.<\/p>\n<p>Los estudiantes desaparecieron el 26 de septiembre de 2014, en Iguala, en el estado de Guerrero el sur.<\/p>\n<h6> 2015-09-27 11:15:55 <\/h6>\n<p><!--\n<link rel=\"stylesheet\" href=\"css\/bootstrap.min.css\">\n\n\n<ul class=\"pagination\">\n\t    \n\t\n\n<li >\n\t<a href='?page_no=22654'>Previous<\/a>\n\t<\/li>\n\n\n       \n    \n\n<li><a href='?page_no=1'>1<\/a><\/li>\n\n\n\n<li><a href='?page_no=2'>2<\/a><\/li>\n\n\n\n<li><a>...<\/a><\/li>\n\n\n\n<li><a href='?page_no=22653'>22653<\/a><\/li>\n\n\n\n<li><a href='?page_no=22654'>22654<\/a><\/li>\n\n\n\n<li class='active'><a>22655<\/a><\/li>\n\n\n\n<li><a href='?page_no=22656'>22656<\/a><\/li>\n\n\n\n<li><a href='?page_no=22657'>22657<\/a><\/li>\n\n\n\n<li><a>...<\/a><\/li>\n\n\n\n<li><a href='?page_no=51012'>51012<\/a><\/li>\n\n\n\n<li><a href='?page_no=51013'>51013<\/a><\/li>\n\n    \n\t\n\n<li >\n\t<a href='?page_no=22656'>Next<\/a>\n\t<\/li>\n\n\n    \n\n<li><a href='?page_no=51013'>Last &rsaquo;&rsaquo;<\/a><\/li>\n\n<\/ul>\n\n\n--><br \/>\n<\/body><\/p>\n","protected":false},"excerpt":{"rendered":"<p>M\u00e9xico DF 28 septiembre.- Los padres de 43 estudiantes desaparecidos en M\u00e9xico encabezaron una marcha en la que participaron miles de personas en la capital para conmemorar un a\u00f1o desde su desaparici\u00f3n. Los familares de los desaparecidos reclaman al gobierno mexicano que haga m\u00e1s para llegar al fondo de lo sucedido. Muchos llevaron fotos de [&hellip;]<\/p>\n","protected":false},"author":3,"featured_media":0,"comment_status":"open","ping_status":"open","sticky":false,"template":"","format":"standard","meta":{"footnotes":""},"categories":[23],"tags":[],"class_list":["post-253010","post","type-post","status-publish","format-standard","hentry","category-internacional"],"_links":{"self":[{"href":"https:\/\/diariodominicano.com\/index.php?rest_route=\/wp\/v2\/posts\/253010","targetHints":{"allow":["GET"]}}],"collection":[{"href":"https:\/\/diariodominicano.com\/index.php?rest_route=\/wp\/v2\/posts"}],"about":[{"href":"https:\/\/diariodominicano.com\/index.php?rest_route=\/wp\/v2\/types\/post"}],"author":[{"embeddable":true,"href":"https:\/\/diariodominicano.com\/index.php?rest_route=\/wp\/v2\/users\/3"}],"replies":[{"embeddable":true,"href":"https:\/\/diariodominicano.com\/index.php?rest_route=%2Fwp%2Fv2%2Fcomments&post=253010"}],"version-history":[{"count":0,"href":"https:\/\/diariodominicano.com\/index.php?rest_route=\/wp\/v2\/posts\/253010\/revisions"}],"wp:attachment":[{"href":"https:\/\/diariodominicano.com\/index.php?rest_route=%2Fwp%2Fv2%2Fmedia&parent=253010"}],"wp:term":[{"taxonomy":"category","embeddable":true,"href":"https:\/\/diariodominicano.com\/index.php?rest_route=%2Fwp%2Fv2%2Fcategories&post=253010"},{"taxonomy":"post_tag","embeddable":true,"href":"https:\/\/diariodominicano.com\/index.php?rest_route=%2Fwp%2Fv2%2Ftags&post=253010"}],"curies":[{"name":"wp","href":"https:\/\/api.w.org\/{rel}","templated":true}]}}