{"id":253008,"date":"2015-09-27T11:43:17","date_gmt":"2015-09-27T11:43:17","guid":{"rendered":"http:\/\/diariodominicano.ddns.net\/?p=253008"},"modified":"2015-09-27T11:43:17","modified_gmt":"2015-09-27T11:43:17","slug":"igualdad-de-genero-pasa-por-un-orden-internacional-justo","status":"publish","type":"post","link":"https:\/\/diariodominicano.com\/?p=253008","title":{"rendered":"Igualdad de g\u00e9nero pasa por un orden internacional justo"},"content":{"rendered":"<p><body><\/p>\n<p><img decoding=\"async\" src=\"img3\/raul 28.jpg\" \/>  <\/p>\n<p>Naciones Unidas, Nueva York 27 septiembre (PL).- El presidente cubano, Ra\u00fal Castro, abog\u00f3 hoy por un orden internacional justo y equitativo como v\u00eda para lograr la igualdad de g\u00e9nero y el empoderamiento de la mujer.<\/p>\n<\/p>\n<p>Al intervenir en una reuni\u00f3n de l\u00edderes mundiales sobre el tema, el mandatario se\u00f1al\u00f3 que un planeta libre de los abusos contra las f\u00e9minas pasa por materializar la erradicaci\u00f3n de la pobreza y el hambre, el fin de los conflictos, privilegiar al ser humano por encima del capital y preservar el medio ambiente.<\/p>\n<\/p>\n<p>De acuerdo con el jefe de Estado, no puede negarse que existan en las \u00faltimas d\u00e9cadas logros en materia de equidad y empoderamiento de la mujer, \u00abpero resultan fr\u00e1giles e insuficientes\u00bb.<\/p>\n<\/p>\n<p>En ese sentido, demand\u00f3 compromiso y voluntad pol\u00edtica para revertir el actual escenario, a 20 a\u00f1os de la adopci\u00f3n de la Declaraci\u00f3n y el Programa de Acci\u00f3n de Beijing.<\/p>\n<\/p>\n<p>Ra\u00fal Castro record\u00f3 que una de cada tres f\u00e9minas experimenta violencia f\u00edsica y sexual, el 90 por ciento de las dos millones 500 mil v\u00edctimas de la trata de personas pertenecen al sexo femenino, sus niveles de desempleo son m\u00e1s elevados y reciben menos salario que los hombres por trabajo de igual valor.<\/p>\n<\/p>\n<p>Asimismo, resumi\u00f3 los avances de Cuba en materia de igualdad de derecho para las mujeres, pa\u00eds que fue el primero en firmar y el segundo en ratificar la Convenci\u00f3n sobre la Eliminaci\u00f3n de Todas las Formas de Discriminaci\u00f3n Contra la Mujer.<\/p>\n<\/p>\n<p>\u00abLa esperanza de vida al nacer de las cubanas es de 80,45 a\u00f1os; la tasa de mortalidad materna directa es solo de 21,4 por cada cien mil nacidos vivos, una de las m\u00e1s bajas del mundo; representan el 48 por ciento del total de las personas ocupadas en el sector estatal civil y el 46 de los altos cargos de direcci\u00f3n\u00bb, dijo.<\/p>\n<\/p>\n<p>El presidente de la mayor de las Antillas se\u00f1al\u00f3 adem\u00e1s que las f\u00e9minas en la isla son el 65,2 por ciento de los graduados de la educaci\u00f3n superior, ocupan casi la mitad de los esca\u00f1os parlamentarios, cursan como promedio 10,2 grados y representan el 66,8 por ciento de la fuerza de mayor calificaci\u00f3n t\u00e9cnica y profesional.<\/p>\n<\/p>\n<p>La reuni\u00f3n sobre igualdad de g\u00e9nero y empoderamiento de la mujer fue convocada por el presidente chino, Xi Jinping, y ONU-Mujer, en el marco de la cumbre sobre los objetivos de desarrollo sostenible 2015-2030.<\/p>\n<h6> 2015-09-27 11:43:17 <\/h6>\n<p><!--\n<link rel=\"stylesheet\" href=\"css\/bootstrap.min.css\">\n\n\n<ul class=\"pagination\">\n\t    \n\t\n\n<li >\n\t<a href='?page_no=22652'>Previous<\/a>\n\t<\/li>\n\n\n       \n    \n\n<li><a href='?page_no=1'>1<\/a><\/li>\n\n\n\n<li><a href='?page_no=2'>2<\/a><\/li>\n\n\n\n<li><a>...<\/a><\/li>\n\n\n\n<li><a href='?page_no=22651'>22651<\/a><\/li>\n\n\n\n<li><a href='?page_no=22652'>22652<\/a><\/li>\n\n\n\n<li class='active'><a>22653<\/a><\/li>\n\n\n\n<li><a href='?page_no=22654'>22654<\/a><\/li>\n\n\n\n<li><a href='?page_no=22655'>22655<\/a><\/li>\n\n\n\n<li><a>...<\/a><\/li>\n\n\n\n<li><a href='?page_no=51012'>51012<\/a><\/li>\n\n\n\n<li><a href='?page_no=51013'>51013<\/a><\/li>\n\n    \n\t\n\n<li >\n\t<a href='?page_no=22654'>Next<\/a>\n\t<\/li>\n\n\n    \n\n<li><a href='?page_no=51013'>Last &rsaquo;&rsaquo;<\/a><\/li>\n\n<\/ul>\n\n\n--><br \/>\n<\/body><\/p>\n","protected":false},"excerpt":{"rendered":"<p>Naciones Unidas, Nueva York 27 septiembre (PL).- El presidente cubano, Ra\u00fal Castro, abog\u00f3 hoy por un orden internacional justo y equitativo como v\u00eda para lograr la igualdad de g\u00e9nero y el empoderamiento de la mujer. Al intervenir en una reuni\u00f3n de l\u00edderes mundiales sobre el tema, el mandatario se\u00f1al\u00f3 que un planeta libre de los [&hellip;]<\/p>\n","protected":false},"author":3,"featured_media":0,"comment_status":"open","ping_status":"open","sticky":false,"template":"","format":"standard","meta":{"footnotes":""},"categories":[23],"tags":[],"class_list":["post-253008","post","type-post","status-publish","format-standard","hentry","category-internacional"],"_links":{"self":[{"href":"https:\/\/diariodominicano.com\/index.php?rest_route=\/wp\/v2\/posts\/253008","targetHints":{"allow":["GET"]}}],"collection":[{"href":"https:\/\/diariodominicano.com\/index.php?rest_route=\/wp\/v2\/posts"}],"about":[{"href":"https:\/\/diariodominicano.com\/index.php?rest_route=\/wp\/v2\/types\/post"}],"author":[{"embeddable":true,"href":"https:\/\/diariodominicano.com\/index.php?rest_route=\/wp\/v2\/users\/3"}],"replies":[{"embeddable":true,"href":"https:\/\/diariodominicano.com\/index.php?rest_route=%2Fwp%2Fv2%2Fcomments&post=253008"}],"version-history":[{"count":0,"href":"https:\/\/diariodominicano.com\/index.php?rest_route=\/wp\/v2\/posts\/253008\/revisions"}],"wp:attachment":[{"href":"https:\/\/diariodominicano.com\/index.php?rest_route=%2Fwp%2Fv2%2Fmedia&parent=253008"}],"wp:term":[{"taxonomy":"category","embeddable":true,"href":"https:\/\/diariodominicano.com\/index.php?rest_route=%2Fwp%2Fv2%2Fcategories&post=253008"},{"taxonomy":"post_tag","embeddable":true,"href":"https:\/\/diariodominicano.com\/index.php?rest_route=%2Fwp%2Fv2%2Ftags&post=253008"}],"curies":[{"name":"wp","href":"https:\/\/api.w.org\/{rel}","templated":true}]}}