{"id":253005,"date":"2015-09-27T12:05:55","date_gmt":"2015-09-27T12:05:55","guid":{"rendered":"http:\/\/diariodominicano.ddns.net\/?p=253005"},"modified":"2015-09-27T12:05:55","modified_gmt":"2015-09-27T12:05:55","slug":"papa-lamenta-legalizacion-de-uniones-gay-dice-matrimonio-civil-y-religioso-ya-no-coinciden","status":"publish","type":"post","link":"https:\/\/diariodominicano.com\/?p=253005","title":{"rendered":"Papa lamenta legalizaci\u00f3n de uniones gay; dice matrimonio civil y religioso ya no coinciden"},"content":{"rendered":"<p><body><\/p>\n<p><img decoding=\"async\" src=\"img3\/gay 1.jpg\" \/>  <\/p>\n<p>Filadelfia 27 septiembre.- El papa Francisco dijo hoy en Filadelfia (EEUU) que la instituci\u00f3n civil del matrimonio y el sacramento cristiano ya no coinciden sustancialmente ni se sostienen mutuamente y apel\u00f3 a no olvidar \u00abla transformaci\u00f3n del contexto hist\u00f3rico\u00bb.<\/p>\n<\/p>\n<p>El papa Francisco lament\u00f3 la legalizaci\u00f3n de los matrimonios entre personas homosexuales pero tambi\u00e9n pidi\u00f3 a los obispos a enfocar sus energ\u00edas en otra cosa en lugar de quejarse.<\/p>\n<\/p>\n<p>Este cambio tiene consecuencias culturales, sociales y tambi\u00e9n jur\u00eddicas sobre los v\u00ednculos familiares y ello involucra a todos, \u00abcreyentes o no creyentes\u00bb, dijo el pont\u00edfice ante obispos invitados al Encuentro Mundial de las Familias, que concluye hoy en esta ciudad estadounidense.<\/p>\n<\/p>\n<p>El papa dijo que a los responsables de la Iglesia \u00abel mundo\u00bb les \u00abpide y reclama\u00bb una \u00abconversi\u00f3n pastoral\u00bb y a\u00f1adi\u00f3: \u00abes vital que hoy la Iglesia salga a anunciar el Evangelio a todos, en todos los lugares, en todas las ocasiones, sin demoras, sin asco y sin miedo\u00bb.<\/p>\n<\/p>\n<p>\u00abEl cristiano no es un &#8216;ser inmune&#8217; a los cambios de su tiempo y en este mundo concreto, con sus m\u00faltiples problem\u00e1ticas y posibilidades, es donde debe vivir, creer y anunciar\u00bb, agreg\u00f3.<\/p>\n<\/p>\n<p>Aludi\u00f3 a quienes dicen que \u00abtodo pasado fue mejor\u00bb, que \u00abel mundo es un desastre y, si esto sigue as\u00ed, \u00bfno sabemos a d\u00f3nde vamos a parar?\u00bb.<\/p>\n<\/p>\n<p>\u00abEsto me suena a un tango argentino\u00bb, exclam\u00f3 Bergoglio, que arranc\u00f3 con este comentario las risas de los obispos congregados en el seminario san Carlos Borromeo de Filadelfia.<\/p>\n<\/p>\n<p>El pont\u00edfice dijo que la sociedad actual es como un centro comercial en el que \u00ablo importante hoy lo determina el consumo. Consumir relaciones, consumir amistades, consumir religiones, consumir, consumir&#8230;\u00bb<\/p>\n<\/p>\n<p>Y agreg\u00f3 que \u00ablos v\u00ednculos son un mero &#8216;tr\u00e1mite&#8217; en la satisfacci\u00f3n de &#8216;mis necesidades\u00bb antes de a\u00f1adir: \u00abhemos hecho de nuestra sociedad una vidriera pluricultural ampl\u00edsima, ligada solamente a los gustos de algunos &#8216;consumidores&#8217; y, por otra parte, son muchos los otros, los que solo &#8216;comen las migajas que caen de la mesa de sus amos\u00bb.<\/p>\n<\/p>\n<p>Dijo que muchas personas van \u00abcorriendo detr\u00e1s de un &#8216;like&#8217;, corriendo detr\u00e1s de aumentar el n\u00famero de &#8216;followers&#8217; en cualquiera de las redes sociales\u00bb.<\/p>\n<\/p>\n<p>\u00abAs\u00ed van -vamos- los seres humanos en la propuesta que ofrece esta sociedad contempor\u00e1nea. Una soledad con miedo al compromiso en una b\u00fasqueda desenfrenada por sentirse reconocido\u00bb, dijo el papa.<\/p>\n<\/p>\n<h6> 2015-09-27 12:05:55 <\/h6>\n<p><!--\n<link rel=\"stylesheet\" href=\"css\/bootstrap.min.css\">\n\n\n<ul class=\"pagination\">\n\t    \n\t\n\n<li >\n\t<a href='?page_no=22649'>Previous<\/a>\n\t<\/li>\n\n\n       \n    \n\n<li><a href='?page_no=1'>1<\/a><\/li>\n\n\n\n<li><a href='?page_no=2'>2<\/a><\/li>\n\n\n\n<li><a>...<\/a><\/li>\n\n\n\n<li><a href='?page_no=22648'>22648<\/a><\/li>\n\n\n\n<li><a href='?page_no=22649'>22649<\/a><\/li>\n\n\n\n<li class='active'><a>22650<\/a><\/li>\n\n\n\n<li><a href='?page_no=22651'>22651<\/a><\/li>\n\n\n\n<li><a href='?page_no=22652'>22652<\/a><\/li>\n\n\n\n<li><a>...<\/a><\/li>\n\n\n\n<li><a href='?page_no=51012'>51012<\/a><\/li>\n\n\n\n<li><a href='?page_no=51013'>51013<\/a><\/li>\n\n    \n\t\n\n<li >\n\t<a href='?page_no=22651'>Next<\/a>\n\t<\/li>\n\n\n    \n\n<li><a href='?page_no=51013'>Last &rsaquo;&rsaquo;<\/a><\/li>\n\n<\/ul>\n\n\n--><br \/>\n<\/body><\/p>\n","protected":false},"excerpt":{"rendered":"<p>Filadelfia 27 septiembre.- El papa Francisco dijo hoy en Filadelfia (EEUU) que la instituci\u00f3n civil del matrimonio y el sacramento cristiano ya no coinciden sustancialmente ni se sostienen mutuamente y apel\u00f3 a no olvidar \u00abla transformaci\u00f3n del contexto hist\u00f3rico\u00bb. El papa Francisco lament\u00f3 la legalizaci\u00f3n de los matrimonios entre personas homosexuales pero tambi\u00e9n pidi\u00f3 a [&hellip;]<\/p>\n","protected":false},"author":3,"featured_media":0,"comment_status":"open","ping_status":"open","sticky":false,"template":"","format":"standard","meta":{"footnotes":""},"categories":[23],"tags":[],"class_list":["post-253005","post","type-post","status-publish","format-standard","hentry","category-internacional"],"_links":{"self":[{"href":"https:\/\/diariodominicano.com\/index.php?rest_route=\/wp\/v2\/posts\/253005","targetHints":{"allow":["GET"]}}],"collection":[{"href":"https:\/\/diariodominicano.com\/index.php?rest_route=\/wp\/v2\/posts"}],"about":[{"href":"https:\/\/diariodominicano.com\/index.php?rest_route=\/wp\/v2\/types\/post"}],"author":[{"embeddable":true,"href":"https:\/\/diariodominicano.com\/index.php?rest_route=\/wp\/v2\/users\/3"}],"replies":[{"embeddable":true,"href":"https:\/\/diariodominicano.com\/index.php?rest_route=%2Fwp%2Fv2%2Fcomments&post=253005"}],"version-history":[{"count":0,"href":"https:\/\/diariodominicano.com\/index.php?rest_route=\/wp\/v2\/posts\/253005\/revisions"}],"wp:attachment":[{"href":"https:\/\/diariodominicano.com\/index.php?rest_route=%2Fwp%2Fv2%2Fmedia&parent=253005"}],"wp:term":[{"taxonomy":"category","embeddable":true,"href":"https:\/\/diariodominicano.com\/index.php?rest_route=%2Fwp%2Fv2%2Fcategories&post=253005"},{"taxonomy":"post_tag","embeddable":true,"href":"https:\/\/diariodominicano.com\/index.php?rest_route=%2Fwp%2Fv2%2Ftags&post=253005"}],"curies":[{"name":"wp","href":"https:\/\/api.w.org\/{rel}","templated":true}]}}