{"id":253002,"date":"2015-09-27T22:27:27","date_gmt":"2015-09-27T22:27:27","guid":{"rendered":"http:\/\/diariodominicano.ddns.net\/?p=253002"},"modified":"2015-09-27T22:27:27","modified_gmt":"2015-09-27T22:27:27","slug":"llamado-al-peligro-ambiental-por-contaminacion-de-playas-en-panama","status":"publish","type":"post","link":"https:\/\/diariodominicano.com\/?p=253002","title":{"rendered":"Llamado al peligro ambiental por contaminaci\u00f3n de playas en Panam\u00e1"},"content":{"rendered":"<p><body><\/p>\n<p><span class=\"text1noticias\">PANAMA,  28 sep (Xinhua) &#8212; La directora ejecutiva de la Asociaci\u00f3n Nacional para la Conservaci\u00f3n de la Naturaleza (ANCON), Rita Spadafora, reafirm\u00f3 hoy en la capital paname\u00f1a el llamado a tomar conciencia sobre el impacto negativo en los ecosistemas del pa\u00eds de la contaminaci\u00f3n de las playas.<\/span><\/p>\n<p><span class=\"text1noticias\"> <\/span><\/p>\n<p><span class=\"text1noticias\">La ambientalista alert\u00f3 sobre el tema al hacer un balance sobre la XXIV Gran Limpieza Anual de Playas, Costas y R\u00edos que tuvo lugar este domingo, y reconoci\u00f3 que este a\u00f1o se recoja mayor cantidad de desechos que el a\u00f1o anterior, en una jornada realizada entre las 8 de 11 de la ma\u00f1ana (hora local).<\/span><\/p>\n<p><span class=\"text1noticias\"> <\/span><\/p>\n<p><span class=\"text1noticias\">La Limpieza es organizada, adem\u00e1s de ANCON, por las organizaciones ambientalistas Promar, Panam\u00e1 Verde, y por la Sociedad Audub\u00f3n de Panam\u00e1.<\/span><\/p>\n<p><span class=\"text1noticias\"> <\/span><\/p>\n<p><span class=\"text1noticias\">Spadafora explic\u00f3 que es posible que se haya encontrado este a\u00f1o m\u00e1s basura en las playas debido a las inundaciones que se han dado recientemente en Ciudad de Panam\u00e1, debido a las lluvias.<\/span><\/p>\n<p><span class=\"text1noticias\"> <\/span><\/p>\n<p><span class=\"text1noticias\">\u00abSentimos frustraci\u00f3n y mucha tristeza con lo que est\u00e1 pasando debido a la contaminaci\u00f3n, pero seguimos trabajando con energ\u00eda porque sabemos que tenemos el compromiso de heredarle un mejor futuro a nuestros hijos, y hacemos un llamado a tener conciencia sobre el tema en las comunidades, y que los medios de comunicaci\u00f3n nos acompa\u00f1en con m\u00e1s campa\u00f1as sobre el tema\u00bb, manifest\u00f3 tambi\u00e9n la titular de ANCON.<\/span><\/p>\n<p><span class=\"text1noticias\"> <\/span><\/p>\n<p><span class=\"text1noticias\">Subray\u00f3 el deseo que las nuevas generaciones tengan la oportunidad de manejar los recursos naturales del pa\u00eds.<\/span><\/p>\n<p><span class=\"text1noticias\"> <\/span><\/p>\n<p><span class=\"text1noticias\">Spadafora resalt\u00f3 el esfuerzo de limpieza se compagina con iniciativas como una que se llama Basura Cero, a favor del reciclaje, y que se implementar\u00e1 en el sector de Betania en la capital paname\u00f1a.<\/span><\/p>\n<p><span class=\"text1noticias\"> <\/span><\/p>\n<p><span class=\"text1noticias\">Consider\u00f3 posible que en lugares tur\u00edsticos del pa\u00eds haya grupos comunitarios que apadrinen la limpieza de las playas cercanas, y que coordinen este trabajo con sus propios alcaldes, representantes de corregimiento y grupos no gubernamentales para poder hacer la labor m\u00e1s en<\/span> forma.<\/p>\n<h6> 2015-09-27 22:27:27 <\/h6>\n<p><!--\n<link rel=\"stylesheet\" href=\"css\/bootstrap.min.css\">\n\n\n<ul class=\"pagination\">\n\t    \n\t\n\n<li >\n\t<a href='?page_no=22646'>Previous<\/a>\n\t<\/li>\n\n\n       \n    \n\n<li><a href='?page_no=1'>1<\/a><\/li>\n\n\n\n<li><a href='?page_no=2'>2<\/a><\/li>\n\n\n\n<li><a>...<\/a><\/li>\n\n\n\n<li><a href='?page_no=22645'>22645<\/a><\/li>\n\n\n\n<li><a href='?page_no=22646'>22646<\/a><\/li>\n\n\n\n<li class='active'><a>22647<\/a><\/li>\n\n\n\n<li><a href='?page_no=22648'>22648<\/a><\/li>\n\n\n\n<li><a href='?page_no=22649'>22649<\/a><\/li>\n\n\n\n<li><a>...<\/a><\/li>\n\n\n\n<li><a href='?page_no=51012'>51012<\/a><\/li>\n\n\n\n<li><a href='?page_no=51013'>51013<\/a><\/li>\n\n    \n\t\n\n<li >\n\t<a href='?page_no=22648'>Next<\/a>\n\t<\/li>\n\n\n    \n\n<li><a href='?page_no=51013'>Last &rsaquo;&rsaquo;<\/a><\/li>\n\n<\/ul>\n\n\n--><br \/>\n<\/body><\/p>\n","protected":false},"excerpt":{"rendered":"<p>PANAMA, 28 sep (Xinhua) &#8212; La directora ejecutiva de la Asociaci\u00f3n Nacional para la Conservaci\u00f3n de la Naturaleza (ANCON), Rita Spadafora, reafirm\u00f3 hoy en la capital paname\u00f1a el llamado a tomar conciencia sobre el impacto negativo en los ecosistemas del pa\u00eds de la contaminaci\u00f3n de las playas. La ambientalista alert\u00f3 sobre el tema al hacer [&hellip;]<\/p>\n","protected":false},"author":3,"featured_media":0,"comment_status":"open","ping_status":"open","sticky":false,"template":"","format":"standard","meta":{"footnotes":""},"categories":[23],"tags":[],"class_list":["post-253002","post","type-post","status-publish","format-standard","hentry","category-internacional"],"_links":{"self":[{"href":"https:\/\/diariodominicano.com\/index.php?rest_route=\/wp\/v2\/posts\/253002","targetHints":{"allow":["GET"]}}],"collection":[{"href":"https:\/\/diariodominicano.com\/index.php?rest_route=\/wp\/v2\/posts"}],"about":[{"href":"https:\/\/diariodominicano.com\/index.php?rest_route=\/wp\/v2\/types\/post"}],"author":[{"embeddable":true,"href":"https:\/\/diariodominicano.com\/index.php?rest_route=\/wp\/v2\/users\/3"}],"replies":[{"embeddable":true,"href":"https:\/\/diariodominicano.com\/index.php?rest_route=%2Fwp%2Fv2%2Fcomments&post=253002"}],"version-history":[{"count":0,"href":"https:\/\/diariodominicano.com\/index.php?rest_route=\/wp\/v2\/posts\/253002\/revisions"}],"wp:attachment":[{"href":"https:\/\/diariodominicano.com\/index.php?rest_route=%2Fwp%2Fv2%2Fmedia&parent=253002"}],"wp:term":[{"taxonomy":"category","embeddable":true,"href":"https:\/\/diariodominicano.com\/index.php?rest_route=%2Fwp%2Fv2%2Fcategories&post=253002"},{"taxonomy":"post_tag","embeddable":true,"href":"https:\/\/diariodominicano.com\/index.php?rest_route=%2Fwp%2Fv2%2Ftags&post=253002"}],"curies":[{"name":"wp","href":"https:\/\/api.w.org\/{rel}","templated":true}]}}