{"id":252987,"date":"2015-09-29T11:38:56","date_gmt":"2015-09-29T11:38:56","guid":{"rendered":"http:\/\/diariodominicano.ddns.net\/?p=252987"},"modified":"2015-09-29T11:38:56","modified_gmt":"2015-09-29T11:38:56","slug":"raul-castro-y-barack-obama-dialogan-en-naciones-unidas","status":"publish","type":"post","link":"https:\/\/diariodominicano.com\/?p=252987","title":{"rendered":"Ra\u00fal Castro y Barack Obama dialogan en Naciones Unidas"},"content":{"rendered":"<p><body><\/p>\n<p><img decoding=\"async\" src=\"img3\/Castro y Obama.jpg\" \/>  <\/p>\n<p>Naciones Unidas, 29 sep (PL) Los presidentes de Cuba y Estados Unidos, Ra\u00fal Castro y Barack Obama, respectivamente, conversaron hoy en la sede de la ONU, donde asistieron a eventos de alto nivel.<\/p>\n<\/p>\n<p>El encuentro, el segundo oficial que sostienen despu\u00e9s del realizado en abril en Panam\u00e1, se enmarca en el proceso de acercamiento anunciado por ambos mandatarios el pasado 17 de diciembre, que llev\u00f3 hace dos meses al restablecimiento de relaciones diplom\u00e1ticas y la reapertura de embajadas.<\/p>\n<\/p>\n<p>La v\u00edspera Ra\u00fal Castro y Obama intercambiaron saludos en la recepci\u00f3n que el presidente norteamericano ofreci\u00f3 a los jefes de Estado y de Gobierno que participan en el debate de la Asamblea General en su 70 per\u00edodo de sesiones, previsto del 28 de septiembre al 3 de octubre.<\/p>\n<\/p>\n<p>Se espera que en la reuni\u00f3n a puertas cerradas los l\u00edderes aborden temas vinculados con el proceso dirigido a normalizar los v\u00ednculos.<\/p>\n<\/p>\n<p>Al intervenir ayer ante la Asamblea, el presidente de la isla reiter\u00f3 que para hablar de lazos normales deben acabar el bloqueo econ\u00f3mico, comercial y financiero impuesto por Washington desde hace m\u00e1s de medio siglo y materializarse la devoluci\u00f3n del territorio de Guant\u00e1namo ocupado por la Base Naval y el cese de la subversi\u00f3n contra Cuba, que incluye transmisiones ilegales de radio y televisi\u00f3n.<\/p>\n<\/p>\n<p>Por su parte, Obama admiti\u00f3 que el cerco no tiene cabida e insisti\u00f3 en sus expectativas de que el Congreso norteamericano le ponga fin.<\/p>\n<h6> 2015-09-29 11:38:56 <\/h6>\n<p><!--\n<link rel=\"stylesheet\" href=\"css\/bootstrap.min.css\">\n\n\n<ul class=\"pagination\">\n\t    \n\t\n\n<li >\n\t<a href='?page_no=22631'>Previous<\/a>\n\t<\/li>\n\n\n       \n    \n\n<li><a href='?page_no=1'>1<\/a><\/li>\n\n\n\n<li><a href='?page_no=2'>2<\/a><\/li>\n\n\n\n<li><a>...<\/a><\/li>\n\n\n\n<li><a href='?page_no=22630'>22630<\/a><\/li>\n\n\n\n<li><a href='?page_no=22631'>22631<\/a><\/li>\n\n\n\n<li class='active'><a>22632<\/a><\/li>\n\n\n\n<li><a href='?page_no=22633'>22633<\/a><\/li>\n\n\n\n<li><a href='?page_no=22634'>22634<\/a><\/li>\n\n\n\n<li><a>...<\/a><\/li>\n\n\n\n<li><a href='?page_no=51012'>51012<\/a><\/li>\n\n\n\n<li><a href='?page_no=51013'>51013<\/a><\/li>\n\n    \n\t\n\n<li >\n\t<a href='?page_no=22633'>Next<\/a>\n\t<\/li>\n\n\n    \n\n<li><a href='?page_no=51013'>Last &rsaquo;&rsaquo;<\/a><\/li>\n\n<\/ul>\n\n\n--><br \/>\n<\/body><\/p>\n","protected":false},"excerpt":{"rendered":"<p>Naciones Unidas, 29 sep (PL) Los presidentes de Cuba y Estados Unidos, Ra\u00fal Castro y Barack Obama, respectivamente, conversaron hoy en la sede de la ONU, donde asistieron a eventos de alto nivel. El encuentro, el segundo oficial que sostienen despu\u00e9s del realizado en abril en Panam\u00e1, se enmarca en el proceso de acercamiento anunciado [&hellip;]<\/p>\n","protected":false},"author":3,"featured_media":0,"comment_status":"open","ping_status":"open","sticky":false,"template":"","format":"standard","meta":{"footnotes":""},"categories":[23],"tags":[],"class_list":["post-252987","post","type-post","status-publish","format-standard","hentry","category-internacional"],"_links":{"self":[{"href":"https:\/\/diariodominicano.com\/index.php?rest_route=\/wp\/v2\/posts\/252987","targetHints":{"allow":["GET"]}}],"collection":[{"href":"https:\/\/diariodominicano.com\/index.php?rest_route=\/wp\/v2\/posts"}],"about":[{"href":"https:\/\/diariodominicano.com\/index.php?rest_route=\/wp\/v2\/types\/post"}],"author":[{"embeddable":true,"href":"https:\/\/diariodominicano.com\/index.php?rest_route=\/wp\/v2\/users\/3"}],"replies":[{"embeddable":true,"href":"https:\/\/diariodominicano.com\/index.php?rest_route=%2Fwp%2Fv2%2Fcomments&post=252987"}],"version-history":[{"count":0,"href":"https:\/\/diariodominicano.com\/index.php?rest_route=\/wp\/v2\/posts\/252987\/revisions"}],"wp:attachment":[{"href":"https:\/\/diariodominicano.com\/index.php?rest_route=%2Fwp%2Fv2%2Fmedia&parent=252987"}],"wp:term":[{"taxonomy":"category","embeddable":true,"href":"https:\/\/diariodominicano.com\/index.php?rest_route=%2Fwp%2Fv2%2Fcategories&post=252987"},{"taxonomy":"post_tag","embeddable":true,"href":"https:\/\/diariodominicano.com\/index.php?rest_route=%2Fwp%2Fv2%2Ftags&post=252987"}],"curies":[{"name":"wp","href":"https:\/\/api.w.org\/{rel}","templated":true}]}}