{"id":252985,"date":"2015-09-29T11:59:47","date_gmt":"2015-09-29T11:59:47","guid":{"rendered":"http:\/\/diariodominicano.ddns.net\/?p=252985"},"modified":"2015-09-29T11:59:47","modified_gmt":"2015-09-29T11:59:47","slug":"imputado-presidente-catalan-por-organizar-consulta-independentista","status":"publish","type":"post","link":"https:\/\/diariodominicano.com\/?p=252985","title":{"rendered":"Imputado presidente catal\u00e1n por organizar consulta independentista"},"content":{"rendered":"<p><body><\/p>\n<p><img decoding=\"async\" src=\"img3\/presidente-artur-mas.jpg\" \/>  <\/p>\n<p><span class=\"text1noticias\">Madrid, 29 sep (PL) El Tribunal Superior de Justicia de Catalu\u00f1a cit\u00f3 hoy como imputado al presidente del gobierno de esa comunidad aut\u00f3noma del noreste de Espa\u00f1a, Artur Mas, por la realizaci\u00f3n de una consulta independentista el pasado noviembre.<\/span><\/p>\n<p><span class=\"text1noticias\"> <\/span><\/p>\n<p><span class=\"text1noticias\">La Sala Civil y Penal del tribunal convoc\u00f3 a Mas para el 15 de octubre y dos d\u00edas antes a la exvicepresidenta del gobierno regional Joana Ortega y a la consejera de Ense\u00f1anza Irene Rigau, por la misma causa.<\/span><\/p>\n<p><span class=\"text1noticias\"> <\/span><\/p>\n<p><span class=\"text1noticias\">La citaci\u00f3n obedece a varias querellas presentadas a fines de 2014 en consideraci\u00f3n de que Mas y los otros imputados desobedecieron al Tribunal Constitucional cuando organizaron la consulta, cuya suspensi\u00f3n hab\u00eda sido decretada por esa instancia.<\/span><\/p>\n<p><span class=\"text1noticias\"> <\/span><\/p>\n<p><span class=\"text1noticias\">De inmediato la vicepresidenta del gobierno catal\u00e1n, Neus Munt\u00e9, calific\u00f3 de juicio pol\u00edtico la imputaci\u00f3n de Mas, Ortega y Rugau, e indic\u00f3 que la querella fue presentada por la Fiscal\u00eda del Estado contra el criterio de los fiscales catalanes.<\/span><\/p>\n<p><span class=\"text1noticias\"> <\/span><\/p>\n<p><span class=\"text1noticias\">En opini\u00f3n de Munt\u00e9 se trata de una anomal\u00eda democr\u00e1tica contra quienes pusieron las urnas el pasado 9 de noviembre para que los ciudadanos pudieran decidir y manifestarse sobre su futuro<\/span><\/p>\n<h6> 2015-09-29 11:59:47 <\/h6>\n<p><!--\n<link rel=\"stylesheet\" href=\"css\/bootstrap.min.css\">\n\n\n<ul class=\"pagination\">\n\t    \n\t\n\n<li >\n\t<a href='?page_no=22629'>Previous<\/a>\n\t<\/li>\n\n\n       \n    \n\n<li><a href='?page_no=1'>1<\/a><\/li>\n\n\n\n<li><a href='?page_no=2'>2<\/a><\/li>\n\n\n\n<li><a>...<\/a><\/li>\n\n\n\n<li><a href='?page_no=22628'>22628<\/a><\/li>\n\n\n\n<li><a href='?page_no=22629'>22629<\/a><\/li>\n\n\n\n<li class='active'><a>22630<\/a><\/li>\n\n\n\n<li><a href='?page_no=22631'>22631<\/a><\/li>\n\n\n\n<li><a href='?page_no=22632'>22632<\/a><\/li>\n\n\n\n<li><a>...<\/a><\/li>\n\n\n\n<li><a href='?page_no=51012'>51012<\/a><\/li>\n\n\n\n<li><a href='?page_no=51013'>51013<\/a><\/li>\n\n    \n\t\n\n<li >\n\t<a href='?page_no=22631'>Next<\/a>\n\t<\/li>\n\n\n    \n\n<li><a href='?page_no=51013'>Last &rsaquo;&rsaquo;<\/a><\/li>\n\n<\/ul>\n\n\n--><br \/>\n<\/body><\/p>\n","protected":false},"excerpt":{"rendered":"<p>Madrid, 29 sep (PL) El Tribunal Superior de Justicia de Catalu\u00f1a cit\u00f3 hoy como imputado al presidente del gobierno de esa comunidad aut\u00f3noma del noreste de Espa\u00f1a, Artur Mas, por la realizaci\u00f3n de una consulta independentista el pasado noviembre. La Sala Civil y Penal del tribunal convoc\u00f3 a Mas para el 15 de octubre y [&hellip;]<\/p>\n","protected":false},"author":3,"featured_media":0,"comment_status":"open","ping_status":"open","sticky":false,"template":"","format":"standard","meta":{"footnotes":""},"categories":[23],"tags":[],"class_list":["post-252985","post","type-post","status-publish","format-standard","hentry","category-internacional"],"_links":{"self":[{"href":"https:\/\/diariodominicano.com\/index.php?rest_route=\/wp\/v2\/posts\/252985","targetHints":{"allow":["GET"]}}],"collection":[{"href":"https:\/\/diariodominicano.com\/index.php?rest_route=\/wp\/v2\/posts"}],"about":[{"href":"https:\/\/diariodominicano.com\/index.php?rest_route=\/wp\/v2\/types\/post"}],"author":[{"embeddable":true,"href":"https:\/\/diariodominicano.com\/index.php?rest_route=\/wp\/v2\/users\/3"}],"replies":[{"embeddable":true,"href":"https:\/\/diariodominicano.com\/index.php?rest_route=%2Fwp%2Fv2%2Fcomments&post=252985"}],"version-history":[{"count":0,"href":"https:\/\/diariodominicano.com\/index.php?rest_route=\/wp\/v2\/posts\/252985\/revisions"}],"wp:attachment":[{"href":"https:\/\/diariodominicano.com\/index.php?rest_route=%2Fwp%2Fv2%2Fmedia&parent=252985"}],"wp:term":[{"taxonomy":"category","embeddable":true,"href":"https:\/\/diariodominicano.com\/index.php?rest_route=%2Fwp%2Fv2%2Fcategories&post=252985"},{"taxonomy":"post_tag","embeddable":true,"href":"https:\/\/diariodominicano.com\/index.php?rest_route=%2Fwp%2Fv2%2Ftags&post=252985"}],"curies":[{"name":"wp","href":"https:\/\/api.w.org\/{rel}","templated":true}]}}