{"id":252975,"date":"2015-09-30T13:36:04","date_gmt":"2015-09-30T13:36:04","guid":{"rendered":"http:\/\/diariodominicano.ddns.net\/?p=252975"},"modified":"2015-09-30T13:36:04","modified_gmt":"2015-09-30T13:36:04","slug":"presidente-vietnamita-elogia-actualizacion-de-modelo-economico-cubano","status":"publish","type":"post","link":"https:\/\/diariodominicano.com\/?p=252975","title":{"rendered":"&#13;&#13;Presidente vietnamita elogia actualizaci\u00f3n de modelo econ\u00f3mico cubano"},"content":{"rendered":"<p><body><\/p>\n<p><img decoding=\"async\" src=\"img3\/cabrisaschinapl1.jpg\" \/>  <\/p>\n<p><span class=\"text1noticias\">  <\/span><\/p>\n<p><span class=\"text1noticias\">La Habana, 30 sep (PL) El presidente de Vietnam, Truong Tan Sang, elogi\u00f3 hoy los resultados del proceso de actualizaci\u00f3n del modelo econ\u00f3mico cubano y las perspectivas que se abren para colocar las relaciones comerciales bilaterales al mismo nivel de las pol\u00edticas.<\/span><\/p>\n<\/p>\n<p><span class=\"text1noticias\">Ver im\u00e1genes en FotosPL Al inaugurar un foro empresarial con representantes de las finanzas, comercio e industria de ambas naciones, Tan Sang afirm\u00f3 que las transformaciones que lleva a cabo la isla le asegurar\u00e1n un desarrollo estable y sostenido.<\/span><\/p>\n<\/p>\n<p><span class=\"text1noticias\">En tal sentido convid\u00f3 a los organismos y ministerios de Cuba y Vietnam a un mayor intercambio y acercamiento para aprovechar al m\u00e1ximo las potencialidades y correctas decisiones adoptadas por el gobierno cubano, con el fin de ampliar los v\u00ednculos en todos los sectores.<\/span><\/p>\n<\/p>\n<p><span class=\"text1noticias\">Al respecto, coment\u00f3 que no son pocos los empresarios vietnamitas interesados en las inversiones en las telecomunicaciones, turismo, petr\u00f3leo y gas, construcci\u00f3n de infraestructura y producci\u00f3n agroalimentaria, pues consideran que existen potencialidades y condiciones complementarias.<\/span><\/p>\n<\/p>\n<p>El visitante mencion\u00f3 los positivos resultados de los programas agr\u00edcolas conjuntos, y en particular en la producci\u00f3n de arroz le han permitido a Cuba disminuir de 450 mil a 300 mil toneladas las importaciones de ese cereal, lo que sustenta las negociaciones actuales para el cultivo de soya y ma\u00edz.<\/p>\n<\/p>\n<p>Sobre el intercambio comercial consider\u00f3 que a\u00fan es modesto, pues en el 2014 represent\u00f3 apenas 200 millones de d\u00f3lares, por lo que inst\u00f3 a enfatizar en nuevos proyectos, en particular las inversiones en infraestructura y producci\u00f3n de bienes de consumo.<\/p>\n<\/p>\n<p>En su intervenci\u00f3n, Tan Sang tambi\u00e9n felicit\u00f3 a Cuba por el restablecimiento de relaciones con Estados Unidos, lo cual en su opini\u00f3n es resultado de una pol\u00edtica exterior muy din\u00e1mica, que ha sabido afrontar el bloqueo econ\u00f3mico, financiero y comercial y abrir nuevas perspectivas al pueblo cubano.<\/p>\n<\/p>\n<p>El vicepresidente cubano, Ricardo Cabrisas, insisti\u00f3 en las palabras de bienvenida en la necesidad de ampliar las relaciones de cooperaci\u00f3n con f\u00f3rmulas creativas, que permitir\u00e1n aprovechar las experiencias de la actualizaci\u00f3n del modelo cubano y de renovaci\u00f3n del vietnamita para lo cual, dijo, existe voluntad pol\u00edtica.<\/p>\n<\/p>\n<p>Durante el foro empresarial fueron suscritos seis acuerdos referidos a la cooperaci\u00f3n entre las C\u00e1maras de Comercio de las dos naciones, las oportunidades en la exploraci\u00f3n, extracci\u00f3n y producci\u00f3n de gas y petr\u00f3leo, y la cooperaci\u00f3n entre los Banco Central y el Internacional de Comercio de Cuba y el Banco de Agricultura y Desarrollo Rural de Vietnam.<\/p>\n<\/p>\n<p>Asimismo fueron rubricados convenios para la creaci\u00f3n de una empresa mixta encargada de construir un hotel cinco estrellas en La Habana, y otro contentivo del cronograma de trabajo de una entidad mixta en la Zona Especial de Desarrollo Mariel, que fabricar\u00e1 y comercializar\u00e1 detergente.<\/p>\n<h6> 2015-09-30 13:36:04 <\/h6>\n<p><!--\n<link rel=\"stylesheet\" href=\"css\/bootstrap.min.css\">\n\n\n<ul class=\"pagination\">\n\t    \n\t\n\n<li >\n\t<a href='?page_no=22619'>Previous<\/a>\n\t<\/li>\n\n\n       \n    \n\n<li><a href='?page_no=1'>1<\/a><\/li>\n\n\n\n<li><a href='?page_no=2'>2<\/a><\/li>\n\n\n\n<li><a>...<\/a><\/li>\n\n\n\n<li><a href='?page_no=22618'>22618<\/a><\/li>\n\n\n\n<li><a href='?page_no=22619'>22619<\/a><\/li>\n\n\n\n<li class='active'><a>22620<\/a><\/li>\n\n\n\n<li><a href='?page_no=22621'>22621<\/a><\/li>\n\n\n\n<li><a href='?page_no=22622'>22622<\/a><\/li>\n\n\n\n<li><a>...<\/a><\/li>\n\n\n\n<li><a href='?page_no=51012'>51012<\/a><\/li>\n\n\n\n<li><a href='?page_no=51013'>51013<\/a><\/li>\n\n    \n\t\n\n<li >\n\t<a href='?page_no=22621'>Next<\/a>\n\t<\/li>\n\n\n    \n\n<li><a href='?page_no=51013'>Last &rsaquo;&rsaquo;<\/a><\/li>\n\n<\/ul>\n\n\n--><br \/>\n<\/body><\/p>\n","protected":false},"excerpt":{"rendered":"<p>La Habana, 30 sep (PL) El presidente de Vietnam, Truong Tan Sang, elogi\u00f3 hoy los resultados del proceso de actualizaci\u00f3n del modelo econ\u00f3mico cubano y las perspectivas que se abren para colocar las relaciones comerciales bilaterales al mismo nivel de las pol\u00edticas. Ver im\u00e1genes en FotosPL Al inaugurar un foro empresarial con representantes de las [&hellip;]<\/p>\n","protected":false},"author":3,"featured_media":0,"comment_status":"open","ping_status":"open","sticky":false,"template":"","format":"standard","meta":{"footnotes":""},"categories":[23],"tags":[],"class_list":["post-252975","post","type-post","status-publish","format-standard","hentry","category-internacional"],"_links":{"self":[{"href":"https:\/\/diariodominicano.com\/index.php?rest_route=\/wp\/v2\/posts\/252975","targetHints":{"allow":["GET"]}}],"collection":[{"href":"https:\/\/diariodominicano.com\/index.php?rest_route=\/wp\/v2\/posts"}],"about":[{"href":"https:\/\/diariodominicano.com\/index.php?rest_route=\/wp\/v2\/types\/post"}],"author":[{"embeddable":true,"href":"https:\/\/diariodominicano.com\/index.php?rest_route=\/wp\/v2\/users\/3"}],"replies":[{"embeddable":true,"href":"https:\/\/diariodominicano.com\/index.php?rest_route=%2Fwp%2Fv2%2Fcomments&post=252975"}],"version-history":[{"count":0,"href":"https:\/\/diariodominicano.com\/index.php?rest_route=\/wp\/v2\/posts\/252975\/revisions"}],"wp:attachment":[{"href":"https:\/\/diariodominicano.com\/index.php?rest_route=%2Fwp%2Fv2%2Fmedia&parent=252975"}],"wp:term":[{"taxonomy":"category","embeddable":true,"href":"https:\/\/diariodominicano.com\/index.php?rest_route=%2Fwp%2Fv2%2Fcategories&post=252975"},{"taxonomy":"post_tag","embeddable":true,"href":"https:\/\/diariodominicano.com\/index.php?rest_route=%2Fwp%2Fv2%2Ftags&post=252975"}],"curies":[{"name":"wp","href":"https:\/\/api.w.org\/{rel}","templated":true}]}}